{"id":128793,"date":"2026-04-25T21:49:35","date_gmt":"2026-04-26T00:49:35","guid":{"rendered":"https:\/\/blogdoedvaldomagalhaes.com.br\/?p=128793"},"modified":"2026-04-25T22:23:13","modified_gmt":"2026-04-26T01:23:13","slug":"homem-e-assassinado-a-tiros-no-residencial-alto-do-moura","status":"publish","type":"post","link":"https:\/\/blogdoedvaldomagalhaes.com.br\/index.php\/2026\/04\/25\/homem-e-assassinado-a-tiros-no-residencial-alto-do-moura\/","title":{"rendered":"Homem \u00e9 assassinado a tiros no Residencial Alto do Moura"},"content":{"rendered":"<p>O homic\u00eddio foi registrado no Residencial Alto do Moura, em Caruaru, no Agreste de Pernambuco, neste s\u00e1bado (25.04). A v\u00edtima foi o ex-presidi\u00e1rio Luiz Eduardo da Silva, 25 anos. O corpo foi encontrado sem vida nas proximidades do sistema da Compesa, dentro do conjunto habitacional.<\/p>\n<p>As circunst\u00e2ncias do crime ainda est\u00e3o sendo apuradas pelas autoridades. Equipes da Pol\u00edcia Militar e do Instituto de Criminal\u00edstica foram acionadas para realizar os primeiros levantamentos no local. O corpo foi encaminhado ao Instituto de Medicina Legal (IML) de Caruaru.<\/p>\n<p>A Pol\u00edcia Civil deve investigar a autoria e a motiva\u00e7\u00e3o do homic\u00eddio. At\u00e9 o momento, n\u00e3o h\u00e1 informa\u00e7\u00f5es sobre suspeitos ou pris\u00f5es relacionadas ao caso. <span class=\"Apple-converted-space\"><br \/>\nSiga o Instagram @portaledvaldomagalhaes<\/span><\/p>\n<p><img loading=\"lazy\" decoding=\"async\" class=\"size-full wp-image-128796\" src=\"https:\/\/blogdoedvaldomagalhaes.com.br\/wp-content\/uploads\/2026\/04\/acf30112-2875-4950-bf7f-638c4d3f5c85.jpg\" width=\"480\" height=\"473\" srcset=\"https:\/\/blogdoedvaldomagalhaes.com.br\/wp-content\/uploads\/2026\/04\/acf30112-2875-4950-bf7f-638c4d3f5c85.jpg 480w, https:\/\/blogdoedvaldomagalhaes.com.br\/wp-content\/uploads\/2026\/04\/acf30112-2875-4950-bf7f-638c4d3f5c85-300x296.jpg 300w\" sizes=\"auto, (max-width: 480px) 100vw, 480px\" \/><br \/>\nFotos: Reprodu\u00e7\u00e3o\/Redes Sociais<\/p>\n","protected":false},"excerpt":{"rendered":"<p>O homic\u00eddio foi registrado no Residencial Alto do Moura, em Caruaru, no Agreste de Pernambuco, neste s\u00e1bado (25.04). A v\u00edtima&hellip;<\/p>\n","protected":false},"author":1,"featured_media":128795,"comment_status":"closed","ping_status":"open","sticky":false,"template":"","format":"standard","meta":{"footnotes":""},"categories":[14121],"tags":[13146,5448,34634],"class_list":["post-128793","post","type-post","status-publish","format-standard","has-post-thumbnail","hentry","category-policial","tag-blog-edvaldo-magalhaes","tag-homicidio","tag-portal-edvaldo-magalhaes"],"_links":{"self":[{"href":"https:\/\/blogdoedvaldomagalhaes.com.br\/index.php\/wp-json\/wp\/v2\/posts\/128793","targetHints":{"allow":["GET"]}}],"collection":[{"href":"https:\/\/blogdoedvaldomagalhaes.com.br\/index.php\/wp-json\/wp\/v2\/posts"}],"about":[{"href":"https:\/\/blogdoedvaldomagalhaes.com.br\/index.php\/wp-json\/wp\/v2\/types\/post"}],"author":[{"embeddable":true,"href":"https:\/\/blogdoedvaldomagalhaes.com.br\/index.php\/wp-json\/wp\/v2\/users\/1"}],"replies":[{"embeddable":true,"href":"https:\/\/blogdoedvaldomagalhaes.com.br\/index.php\/wp-json\/wp\/v2\/comments?post=128793"}],"version-history":[{"count":6,"href":"https:\/\/blogdoedvaldomagalhaes.com.br\/index.php\/wp-json\/wp\/v2\/posts\/128793\/revisions"}],"predecessor-version":[{"id":128801,"href":"https:\/\/blogdoedvaldomagalhaes.com.br\/index.php\/wp-json\/wp\/v2\/posts\/128793\/revisions\/128801"}],"wp:featuredmedia":[{"embeddable":true,"href":"https:\/\/blogdoedvaldomagalhaes.com.br\/index.php\/wp-json\/wp\/v2\/media\/128795"}],"wp:attachment":[{"href":"https:\/\/blogdoedvaldomagalhaes.com.br\/index.php\/wp-json\/wp\/v2\/media?parent=128793"}],"wp:term":[{"taxonomy":"category","embeddable":true,"href":"https:\/\/blogdoedvaldomagalhaes.com.br\/index.php\/wp-json\/wp\/v2\/categories?post=128793"},{"taxonomy":"post_tag","embeddable":true,"href":"https:\/\/blogdoedvaldomagalhaes.com.br\/index.php\/wp-json\/wp\/v2\/tags?post=128793"}],"curies":[{"name":"wp","href":"https:\/\/api.w.org\/{rel}","templated":true}]}}