{"id":128790,"date":"2026-04-25T21:06:06","date_gmt":"2026-04-26T00:06:06","guid":{"rendered":"https:\/\/blogdoedvaldomagalhaes.com.br\/?p=128790"},"modified":"2026-04-25T21:06:06","modified_gmt":"2026-04-26T00:06:06","slug":"homens-se-passando-por-policiais-invadem-casa-e-matam-rapaz-com-varios-tiros-em-caruaru","status":"publish","type":"post","link":"https:\/\/blogdoedvaldomagalhaes.com.br\/index.php\/2026\/04\/25\/homens-se-passando-por-policiais-invadem-casa-e-matam-rapaz-com-varios-tiros-em-caruaru\/","title":{"rendered":"Homens se passando por policiais invadem casa e matam rapaz com v\u00e1rios tiros em Caruaru"},"content":{"rendered":"<p>Quatro homens encapuzados, se passando por policiais, invadiram uma casa e executaram um rapaz na madrugada deste s\u00e1bado (25), em Caruaru. O crime aconteceu na rua Governador Eduardo Campos, bairro Alto do Moura.<br \/>A v\u00edtima foi identificada como Alisson Brand\u00e3o dos Santos, de 26 anos, natural de Olinda. Segundo informa\u00e7\u00f5es da pol\u00edcia, os suspeitos chegaram em um ve\u00edculo branco, vestindo roupas semelhantes \u00e0s utilizadas por for\u00e7as de seguran\u00e7a, e informaram que fariam buscas no im\u00f3vel em procura de drogas.<\/p>\n<p>Ainda de acordo com o relato, os criminosos mandaram a companheira da v\u00edtima se afastar e, em seguida, efetuaram diversos disparos, principalmente na regi\u00e3o da cabe\u00e7a de Alisson, que morreu no local. A companheira informou \u00e0 pol\u00edcia que Alisson possu\u00eda passagem pelo sistema prisional por homic\u00eddio.<br \/>Ap\u00f3s a a\u00e7\u00e3o, os suspeitos fugiram e n\u00e3o foram localizados. O caso ser\u00e1 investigado pela Pol\u00edcia Civil, que busca identificar os autores e esclarecer a motiva\u00e7\u00e3o do crime.\u00a0<br \/>Por Helenivaldo Pereira<br \/>Siga o Instagram @portaledvaldomagalhaes<br \/>Foto: Reprodu\u00e7\u00e3o\/Redes Sociais\u00a0<\/p>\n\n\n<p><\/p>\n","protected":false},"excerpt":{"rendered":"<p>Quatro homens encapuzados, se passando por policiais, invadiram uma casa e executaram um rapaz na madrugada deste s\u00e1bado (25), em&hellip;<\/p>\n","protected":false},"author":1,"featured_media":128791,"comment_status":"closed","ping_status":"open","sticky":false,"template":"","format":"standard","meta":{"footnotes":""},"categories":[14121],"tags":[13146,5448,34634],"class_list":["post-128790","post","type-post","status-publish","format-standard","has-post-thumbnail","hentry","category-policial","tag-blog-edvaldo-magalhaes","tag-homicidio","tag-portal-edvaldo-magalhaes"],"_links":{"self":[{"href":"https:\/\/blogdoedvaldomagalhaes.com.br\/index.php\/wp-json\/wp\/v2\/posts\/128790","targetHints":{"allow":["GET"]}}],"collection":[{"href":"https:\/\/blogdoedvaldomagalhaes.com.br\/index.php\/wp-json\/wp\/v2\/posts"}],"about":[{"href":"https:\/\/blogdoedvaldomagalhaes.com.br\/index.php\/wp-json\/wp\/v2\/types\/post"}],"author":[{"embeddable":true,"href":"https:\/\/blogdoedvaldomagalhaes.com.br\/index.php\/wp-json\/wp\/v2\/users\/1"}],"replies":[{"embeddable":true,"href":"https:\/\/blogdoedvaldomagalhaes.com.br\/index.php\/wp-json\/wp\/v2\/comments?post=128790"}],"version-history":[{"count":1,"href":"https:\/\/blogdoedvaldomagalhaes.com.br\/index.php\/wp-json\/wp\/v2\/posts\/128790\/revisions"}],"predecessor-version":[{"id":128792,"href":"https:\/\/blogdoedvaldomagalhaes.com.br\/index.php\/wp-json\/wp\/v2\/posts\/128790\/revisions\/128792"}],"wp:featuredmedia":[{"embeddable":true,"href":"https:\/\/blogdoedvaldomagalhaes.com.br\/index.php\/wp-json\/wp\/v2\/media\/128791"}],"wp:attachment":[{"href":"https:\/\/blogdoedvaldomagalhaes.com.br\/index.php\/wp-json\/wp\/v2\/media?parent=128790"}],"wp:term":[{"taxonomy":"category","embeddable":true,"href":"https:\/\/blogdoedvaldomagalhaes.com.br\/index.php\/wp-json\/wp\/v2\/categories?post=128790"},{"taxonomy":"post_tag","embeddable":true,"href":"https:\/\/blogdoedvaldomagalhaes.com.br\/index.php\/wp-json\/wp\/v2\/tags?post=128790"}],"curies":[{"name":"wp","href":"https:\/\/api.w.org\/{rel}","templated":true}]}}