{"id":128785,"date":"2026-04-25T19:18:36","date_gmt":"2026-04-25T22:18:36","guid":{"rendered":"https:\/\/blogdoedvaldomagalhaes.com.br\/?p=128785"},"modified":"2026-04-25T23:16:29","modified_gmt":"2026-04-26T02:16:29","slug":"eficiencia-na-seguranca-acao-rapida-da-policia-recupera-celulares-e-prende-suspeito-no-fjt-de-toritama","status":"publish","type":"post","link":"https:\/\/blogdoedvaldomagalhaes.com.br\/index.php\/2026\/04\/25\/eficiencia-na-seguranca-acao-rapida-da-policia-recupera-celulares-e-prende-suspeito-no-fjt-de-toritama\/","title":{"rendered":"Efici\u00eancia na Seguran\u00e7a: A\u00e7\u00e3o r\u00e1pida da pol\u00edcia recupera celulares e prende suspeito no FJT de Toritama"},"content":{"rendered":"<p><span style=\"font-size: revert\">A noite desta sexta-feira (24) no Festival do Jeans de Toritama foi marcada por uma demonstra\u00e7\u00e3o de efici\u00eancia do maior esquema de seguran\u00e7a j\u00e1 montado na hist\u00f3ria da cidade. Com um p\u00fablico estimado em 30 mil pessoas na Arena do Jeans, as for\u00e7as integradas agiram com rapidez para conter alguns furtos registrados. Ao ser identificado pelo patrulhamento, o suspeito identificado por Pedro Vitor Lima Bezerra, de 29 anos, tentou se desfazer dos aparelhos jogando-os no lixo, mas foi interceptado pela equipe da Cavalaria e preso em flagrante ap\u00f3s resistir \u00e0 abordagem.<\/span><\/p>\n<p>A opera\u00e7\u00e3o n\u00e3o se limitou ao local do evento: a intelig\u00eancia e o monitoramento estrat\u00e9gico permitiram que os policiais localizassem o ve\u00edculo utilizado pelo indiv\u00edduo, um Jeep Compass estacionado na \u00e1rea externa. Dentro do autom\u00f3vel, foram encontrados outros aparelhos furtados, totalizando 8 celulares recuperados. A a\u00e7\u00e3o contou com o apoio coordenado da Pol\u00edcia Militar, BEPI, Pol\u00edcia Rodovi\u00e1ria Federal (PRF), Guarda Civil Municipal (GCM), ROMU, Pol\u00edcia Civil e CTTU, garantindo a ordem em meio \u00e0 multid\u00e3o.<\/p>\n<p><img loading=\"lazy\" decoding=\"async\" src=\"https:\/\/blogdoedvaldomagalhaes.com.br\/wp-content\/uploads\/2026\/04\/f468d5a7-ee4a-4a1d-b02c-b375564499cd.jpg\" class=\"size-full wp-image-128788\" width=\"719\" height=\"1280\" srcset=\"https:\/\/blogdoedvaldomagalhaes.com.br\/wp-content\/uploads\/2026\/04\/f468d5a7-ee4a-4a1d-b02c-b375564499cd.jpg 719w, https:\/\/blogdoedvaldomagalhaes.com.br\/wp-content\/uploads\/2026\/04\/f468d5a7-ee4a-4a1d-b02c-b375564499cd-169x300.jpg 169w, https:\/\/blogdoedvaldomagalhaes.com.br\/wp-content\/uploads\/2026\/04\/f468d5a7-ee4a-4a1d-b02c-b375564499cd-575x1024.jpg 575w\" sizes=\"auto, (max-width: 719px) 100vw, 719px\" \/><\/p>\n<p>O Secret\u00e1rio de Ordem Social de Toritama refor\u00e7ou o compromisso com a tranquilidade do evento e deixou um aviso claro: &#8220;Quem pensa em fazer algo errado em festa de Toritama, vai se dar mal! Este \u00e9 o maior esquema de seguran\u00e7a j\u00e1 visto na nossa cidade, planejado para que milhares de pessoas possam curtir o festival com total prote\u00e7\u00e3o&#8221;. A integra\u00e7\u00e3o das for\u00e7as de seguran\u00e7a foi o diferencial para que o crime fosse neutralizado de forma imediata e o patrim\u00f4nio das v\u00edtimas fosse preservado.<\/p>\n<p>O suspeito, o ve\u00edculo, os materiais apreendidos e duas v\u00edtimas foram encaminhados para a Delegacia de Pol\u00edcia Civil em Santa Cruz do Capibaribe (17\u00aa DESEC) para os procedimentos legais. A pol\u00edcia orienta que cidad\u00e3os que tiveram seus aparelhos furtados no evento procurem a delegacia para realizar o reconhecimento e a retirada dos dispositivos recuperados mediante comprova\u00e7\u00e3o.<br \/>\nSiga o Instagram @portaledvaldomagalhaes<br \/>\nFotos: Ascom\/Divulga\u00e7\u00e3o<\/p>\n","protected":false},"excerpt":{"rendered":"<p>A noite desta sexta-feira (24) no Festival do Jeans de Toritama foi marcada por uma demonstra\u00e7\u00e3o de efici\u00eancia do maior&hellip;<\/p>\n","protected":false},"author":1,"featured_media":128786,"comment_status":"closed","ping_status":"open","sticky":false,"template":"","format":"standard","meta":{"footnotes":""},"categories":[14120],"tags":[13146,36387,36301,34634],"class_list":["post-128785","post","type-post","status-publish","format-standard","has-post-thumbnail","hentry","category-noticias","tag-blog-edvaldo-magalhaes","tag-festival-do-jeans-de-toritama","tag-fjt","tag-portal-edvaldo-magalhaes"],"_links":{"self":[{"href":"https:\/\/blogdoedvaldomagalhaes.com.br\/index.php\/wp-json\/wp\/v2\/posts\/128785","targetHints":{"allow":["GET"]}}],"collection":[{"href":"https:\/\/blogdoedvaldomagalhaes.com.br\/index.php\/wp-json\/wp\/v2\/posts"}],"about":[{"href":"https:\/\/blogdoedvaldomagalhaes.com.br\/index.php\/wp-json\/wp\/v2\/types\/post"}],"author":[{"embeddable":true,"href":"https:\/\/blogdoedvaldomagalhaes.com.br\/index.php\/wp-json\/wp\/v2\/users\/1"}],"replies":[{"embeddable":true,"href":"https:\/\/blogdoedvaldomagalhaes.com.br\/index.php\/wp-json\/wp\/v2\/comments?post=128785"}],"version-history":[{"count":2,"href":"https:\/\/blogdoedvaldomagalhaes.com.br\/index.php\/wp-json\/wp\/v2\/posts\/128785\/revisions"}],"predecessor-version":[{"id":128789,"href":"https:\/\/blogdoedvaldomagalhaes.com.br\/index.php\/wp-json\/wp\/v2\/posts\/128785\/revisions\/128789"}],"wp:featuredmedia":[{"embeddable":true,"href":"https:\/\/blogdoedvaldomagalhaes.com.br\/index.php\/wp-json\/wp\/v2\/media\/128786"}],"wp:attachment":[{"href":"https:\/\/blogdoedvaldomagalhaes.com.br\/index.php\/wp-json\/wp\/v2\/media?parent=128785"}],"wp:term":[{"taxonomy":"category","embeddable":true,"href":"https:\/\/blogdoedvaldomagalhaes.com.br\/index.php\/wp-json\/wp\/v2\/categories?post=128785"},{"taxonomy":"post_tag","embeddable":true,"href":"https:\/\/blogdoedvaldomagalhaes.com.br\/index.php\/wp-json\/wp\/v2\/tags?post=128785"}],"curies":[{"name":"wp","href":"https:\/\/api.w.org\/{rel}","templated":true}]}}