{"id":128782,"date":"2026-04-25T14:03:51","date_gmt":"2026-04-25T17:03:51","guid":{"rendered":"https:\/\/blogdoedvaldomagalhaes.com.br\/?p=128782"},"modified":"2026-04-25T14:03:51","modified_gmt":"2026-04-25T17:03:51","slug":"fundacao-de-cultura-de-caruaru-abre-inscricoes-para-10-oficinas-gratuitas-de-arte-e-cultura","status":"publish","type":"post","link":"https:\/\/blogdoedvaldomagalhaes.com.br\/index.php\/2026\/04\/25\/fundacao-de-cultura-de-caruaru-abre-inscricoes-para-10-oficinas-gratuitas-de-arte-e-cultura\/","title":{"rendered":"Funda\u00e7\u00e3o de Cultura de Caruaru abre inscri\u00e7\u00f5es para 10 oficinas gratuitas de arte e cultura"},"content":{"rendered":"<p><span style=\"font-size: revert;\">A Funda\u00e7\u00e3o de Cultura de Caruaru est\u00e1 com inscri\u00e7\u00f5es abertas para 10 oficinas gratuitas de arte e cultura que integram o projeto Esta\u00e7\u00e3o Criativa, e t\u00eam o objetivo de ampliar o acesso da popula\u00e7\u00e3o a experi\u00eancias criativas, valorizando artistas locais e incentivando a produ\u00e7\u00e3o cultural.<\/span><\/p>\n<p>A iniciativa contempla p\u00fablicos de v\u00e1rias idades, desde crian\u00e7as a partir de 4 anos at\u00e9 estudantes da Educa\u00e7\u00e3o de Jovens e Adultos (EJA), al\u00e9m de qualquer pessoa interessada em participar.<\/p>\n<p>As oficinas ser\u00e3o realizadas na Esta\u00e7\u00e3o Ferrovi\u00e1ria, no Museu do Barro e na Biblioteca Municipal \u00c1lvaro Lins, abordando temas como artes figurativas, xilogravura, circo, literatura, gastronomia e m\u00fasica.<\/p>\n<p>As inscri\u00e7\u00f5es acontecem de 22 a 30 de abril, por meio de formul\u00e1rio online: https:\/\/docs.google.com\/forms\/d\/e\/1FAIpQLSdSQ3tkfyQ8-emZ51YxAw-0XtWMrTMLkIgC_EUEr2SEQztX7Q\/viewform?usp=publish-editor<\/p>\n<p>As vagas s\u00e3o limitadas, com 20 participantes por oficina. As aulas ter\u00e3o in\u00edcio no dia 4 de maio e seguem at\u00e9 o dia 18, quando ser\u00e1 realizada a culmin\u00e2ncia das atividades na Esta\u00e7\u00e3o Ferrovi\u00e1ria.\u00a0<br \/>Siga o Instagram @portaledvaldomagalhaes<br \/>Card: Divulga\u00e7\u00e3o\u00a0<\/p>\n\n\n<p><\/p>\n","protected":false},"excerpt":{"rendered":"<p>A Funda\u00e7\u00e3o de Cultura de Caruaru est\u00e1 com inscri\u00e7\u00f5es abertas para 10 oficinas gratuitas de arte e cultura que integram&hellip;<\/p>\n","protected":false},"author":1,"featured_media":128783,"comment_status":"closed","ping_status":"open","sticky":false,"template":"","format":"standard","meta":{"footnotes":""},"categories":[14120],"tags":[13146,36391,34634],"class_list":["post-128782","post","type-post","status-publish","format-standard","has-post-thumbnail","hentry","category-noticias","tag-blog-edvaldo-magalhaes","tag-fundacao-de-cultura-de-caruaru-abre-inscricoes-para-10-oficinas-gratuitas-de-arte-e-cultura","tag-portal-edvaldo-magalhaes"],"_links":{"self":[{"href":"https:\/\/blogdoedvaldomagalhaes.com.br\/index.php\/wp-json\/wp\/v2\/posts\/128782","targetHints":{"allow":["GET"]}}],"collection":[{"href":"https:\/\/blogdoedvaldomagalhaes.com.br\/index.php\/wp-json\/wp\/v2\/posts"}],"about":[{"href":"https:\/\/blogdoedvaldomagalhaes.com.br\/index.php\/wp-json\/wp\/v2\/types\/post"}],"author":[{"embeddable":true,"href":"https:\/\/blogdoedvaldomagalhaes.com.br\/index.php\/wp-json\/wp\/v2\/users\/1"}],"replies":[{"embeddable":true,"href":"https:\/\/blogdoedvaldomagalhaes.com.br\/index.php\/wp-json\/wp\/v2\/comments?post=128782"}],"version-history":[{"count":1,"href":"https:\/\/blogdoedvaldomagalhaes.com.br\/index.php\/wp-json\/wp\/v2\/posts\/128782\/revisions"}],"predecessor-version":[{"id":128784,"href":"https:\/\/blogdoedvaldomagalhaes.com.br\/index.php\/wp-json\/wp\/v2\/posts\/128782\/revisions\/128784"}],"wp:featuredmedia":[{"embeddable":true,"href":"https:\/\/blogdoedvaldomagalhaes.com.br\/index.php\/wp-json\/wp\/v2\/media\/128783"}],"wp:attachment":[{"href":"https:\/\/blogdoedvaldomagalhaes.com.br\/index.php\/wp-json\/wp\/v2\/media?parent=128782"}],"wp:term":[{"taxonomy":"category","embeddable":true,"href":"https:\/\/blogdoedvaldomagalhaes.com.br\/index.php\/wp-json\/wp\/v2\/categories?post=128782"},{"taxonomy":"post_tag","embeddable":true,"href":"https:\/\/blogdoedvaldomagalhaes.com.br\/index.php\/wp-json\/wp\/v2\/tags?post=128782"}],"curies":[{"name":"wp","href":"https:\/\/api.w.org\/{rel}","templated":true}]}}