{"id":128778,"date":"2026-04-25T13:00:31","date_gmt":"2026-04-25T16:00:31","guid":{"rendered":"https:\/\/blogdoedvaldomagalhaes.com.br\/?p=128778"},"modified":"2026-04-25T23:16:48","modified_gmt":"2026-04-26T02:16:48","slug":"fagner-dos-animais-assume-secretaria-de-sustentabilidade-e-bem-estar-animal-em-caruaru","status":"publish","type":"post","link":"https:\/\/blogdoedvaldomagalhaes.com.br\/index.php\/2026\/04\/25\/fagner-dos-animais-assume-secretaria-de-sustentabilidade-e-bem-estar-animal-em-caruaru\/","title":{"rendered":"Fagner dos Animais assume Secretaria de Sustentabilidade e Bem-Estar Animal em Caruaru"},"content":{"rendered":"<p><span style=\"font-size: revert;\">Na sexta-feira (24.04), na Prefeitura de Caruaru, Fagner dos Animais, licenciado da C\u00e2mara de Vereadores, tomou posse como novo secret\u00e1rio de Sustentabilidade e Bem-Estar Animal do munic\u00edpio. A cerim\u00f4nia foi conduzida pelo prefeito Rodrigo Pinheiro e contou com a presen\u00e7a de secret\u00e1rios e convidados que prestigiaram o momento.<\/span><\/p>\n<p>Durante a posse, Fagner destacou que a chegada ao Executivo representa um passo importante na sua trajet\u00f3ria p\u00fablica e um compromisso ainda maior com a cidade. Ap\u00f3s atua\u00e7\u00e3o no Legislativo, onde apresentou diversas proposituras, ele agora assume uma nova miss\u00e3o com foco na execu\u00e7\u00e3o de pol\u00edticas p\u00fablicas.<\/p>\n<p>\u201cQuero, antes de tudo, agradecer ao prefeito Rodrigo Pinheiro pelo convite e pela confian\u00e7a em me permitir estar \u00e0 frente dessa miss\u00e3o t\u00e3o importante. Depois de um per\u00edodo no Legislativo, propondo, debatendo e ouvindo a popula\u00e7\u00e3o, agora assumo esse desafio no Executivo com ainda mais responsabilidade. \u00c9 um compromisso de fazer ainda mais por Caruaru\u201d, afirmou.<\/p>\n<p>O novo secret\u00e1rio refor\u00e7ou que h\u00e1 muito trabalho pela frente e que a prioridade ser\u00e1 garantir que as a\u00e7\u00f5es da pasta cheguem de forma efetiva a quem precisa. \u201cTem muito trabalho a ser feito e ser\u00e1 feito. Nossa prioridade \u00e9 cuidar da Secretaria, fortalecer as a\u00e7\u00f5es e execut\u00e1-las como a popula\u00e7\u00e3o e os animais realmente precisam. A gente sabe das demandas e vamos trabalhar para fazer acontecer\u201d, completou.<\/p>\n<p>Como primeiro ato \u00e0 frente da Secretaria, ele anunciou a cria\u00e7\u00e3o do \u201ccart\u00e3o ra\u00e7\u00e3o\u201d, iniciativa voltada para a compra de alimentos destinados aos animais. O benef\u00edcio ser\u00e1 distribu\u00eddo entre protetores j\u00e1 cadastrados na Secretaria, e mais informa\u00e7\u00f5es sobre o funcionamento do programa devem ser divulgadas em breve. \u00a0\u00a0<br \/>Siga o Instagram @portaledvaldomagalhaes<br \/>Foto: Divulga\u00e7\u00e3o\u00a0<\/p>\n\n\n<p><\/p>\n","protected":false},"excerpt":{"rendered":"<p>Na sexta-feira (24.04), na Prefeitura de Caruaru, Fagner dos Animais, licenciado da C\u00e2mara de Vereadores, tomou posse como novo secret\u00e1rio&hellip;<\/p>\n","protected":false},"author":1,"featured_media":128779,"comment_status":"closed","ping_status":"open","sticky":false,"template":"","format":"standard","meta":{"footnotes":""},"categories":[14122],"tags":[13146,36390,20,34634],"class_list":["post-128778","post","type-post","status-publish","format-standard","has-post-thumbnail","hentry","category-politica","tag-blog-edvaldo-magalhaes","tag-fagner-dos-animais","tag-politica","tag-portal-edvaldo-magalhaes"],"_links":{"self":[{"href":"https:\/\/blogdoedvaldomagalhaes.com.br\/index.php\/wp-json\/wp\/v2\/posts\/128778","targetHints":{"allow":["GET"]}}],"collection":[{"href":"https:\/\/blogdoedvaldomagalhaes.com.br\/index.php\/wp-json\/wp\/v2\/posts"}],"about":[{"href":"https:\/\/blogdoedvaldomagalhaes.com.br\/index.php\/wp-json\/wp\/v2\/types\/post"}],"author":[{"embeddable":true,"href":"https:\/\/blogdoedvaldomagalhaes.com.br\/index.php\/wp-json\/wp\/v2\/users\/1"}],"replies":[{"embeddable":true,"href":"https:\/\/blogdoedvaldomagalhaes.com.br\/index.php\/wp-json\/wp\/v2\/comments?post=128778"}],"version-history":[{"count":1,"href":"https:\/\/blogdoedvaldomagalhaes.com.br\/index.php\/wp-json\/wp\/v2\/posts\/128778\/revisions"}],"predecessor-version":[{"id":128780,"href":"https:\/\/blogdoedvaldomagalhaes.com.br\/index.php\/wp-json\/wp\/v2\/posts\/128778\/revisions\/128780"}],"wp:featuredmedia":[{"embeddable":true,"href":"https:\/\/blogdoedvaldomagalhaes.com.br\/index.php\/wp-json\/wp\/v2\/media\/128779"}],"wp:attachment":[{"href":"https:\/\/blogdoedvaldomagalhaes.com.br\/index.php\/wp-json\/wp\/v2\/media?parent=128778"}],"wp:term":[{"taxonomy":"category","embeddable":true,"href":"https:\/\/blogdoedvaldomagalhaes.com.br\/index.php\/wp-json\/wp\/v2\/categories?post=128778"},{"taxonomy":"post_tag","embeddable":true,"href":"https:\/\/blogdoedvaldomagalhaes.com.br\/index.php\/wp-json\/wp\/v2\/tags?post=128778"}],"curies":[{"name":"wp","href":"https:\/\/api.w.org\/{rel}","templated":true}]}}