{"id":128775,"date":"2026-04-25T12:14:06","date_gmt":"2026-04-25T15:14:06","guid":{"rendered":"https:\/\/blogdoedvaldomagalhaes.com.br\/?p=128775"},"modified":"2026-04-25T12:14:06","modified_gmt":"2026-04-25T15:14:06","slug":"dono-de-bar-e-executado-a-tiros-em-vertente-do-lerio-e-policia-apreende-drogas-em-caruaru","status":"publish","type":"post","link":"https:\/\/blogdoedvaldomagalhaes.com.br\/index.php\/2026\/04\/25\/dono-de-bar-e-executado-a-tiros-em-vertente-do-lerio-e-policia-apreende-drogas-em-caruaru\/","title":{"rendered":"Dono de bar \u00e9 executado a tiros em Vertente do L\u00e9rio e pol\u00edcia apreende drogas em Caruaru"},"content":{"rendered":"<p>Registrados 5 homic\u00eddios nessa sexta-feira (24) em Pernambuco, sendo tr\u00eas no interior e dois no Grande Recife. S\u00e3o 173 assassinatos neste m\u00eas de abril. Este ano, de janeiro at\u00e9 agora, mataram no Estado 902 pessoas.<br \/>Em Vertente do L\u00e9rio, no Agreste, dois homens encapuzados executaram a tiros o dono de um bar, no S\u00edtio Lages, zona rural do munic\u00edpio. A v\u00edtima foi identificada como Valmir J\u00fanior Lima da Silva, de 33 anos. \u201cJ\u00fanior do Espetinho\u201d, como era conhecido, estava no estabelecimento quando os assassinos chegaram, ordenaram que as pessoas deixassem o local e em seguida atiraram no dono do bar.<\/p>\n<p>Em Caruaru, durante patrulhamento de rotina, policiais militares notaram dois homens em atitudes suspeitas no bairro Centen\u00e1rio. Com a aproxima\u00e7\u00e3o da viatura a dupla fugiu, mas deixou escapar um tablete com 700 gramas de maconha e outra barra com aproximadamente meio quilo de coca\u00edna. A droga foi encaminhada \u00e0 Delegacia de Plant\u00e3o. \u00a0<br \/>Siga o Instagram @portaledvaldomagalhaes<br \/>Foto: Divulga\u00e7\u00e3o\/PMPE<\/p>\n\n\n<p><\/p>\n","protected":false},"excerpt":{"rendered":"<p>Registrados 5 homic\u00eddios nessa sexta-feira (24) em Pernambuco, sendo tr\u00eas no interior e dois no Grande Recife. S\u00e3o 173 assassinatos&hellip;<\/p>\n","protected":false},"author":1,"featured_media":128776,"comment_status":"closed","ping_status":"open","sticky":false,"template":"","format":"standard","meta":{"footnotes":""},"categories":[14121],"tags":[13146,34634],"class_list":["post-128775","post","type-post","status-publish","format-standard","has-post-thumbnail","hentry","category-policial","tag-blog-edvaldo-magalhaes","tag-portal-edvaldo-magalhaes"],"_links":{"self":[{"href":"https:\/\/blogdoedvaldomagalhaes.com.br\/index.php\/wp-json\/wp\/v2\/posts\/128775","targetHints":{"allow":["GET"]}}],"collection":[{"href":"https:\/\/blogdoedvaldomagalhaes.com.br\/index.php\/wp-json\/wp\/v2\/posts"}],"about":[{"href":"https:\/\/blogdoedvaldomagalhaes.com.br\/index.php\/wp-json\/wp\/v2\/types\/post"}],"author":[{"embeddable":true,"href":"https:\/\/blogdoedvaldomagalhaes.com.br\/index.php\/wp-json\/wp\/v2\/users\/1"}],"replies":[{"embeddable":true,"href":"https:\/\/blogdoedvaldomagalhaes.com.br\/index.php\/wp-json\/wp\/v2\/comments?post=128775"}],"version-history":[{"count":1,"href":"https:\/\/blogdoedvaldomagalhaes.com.br\/index.php\/wp-json\/wp\/v2\/posts\/128775\/revisions"}],"predecessor-version":[{"id":128777,"href":"https:\/\/blogdoedvaldomagalhaes.com.br\/index.php\/wp-json\/wp\/v2\/posts\/128775\/revisions\/128777"}],"wp:featuredmedia":[{"embeddable":true,"href":"https:\/\/blogdoedvaldomagalhaes.com.br\/index.php\/wp-json\/wp\/v2\/media\/128776"}],"wp:attachment":[{"href":"https:\/\/blogdoedvaldomagalhaes.com.br\/index.php\/wp-json\/wp\/v2\/media?parent=128775"}],"wp:term":[{"taxonomy":"category","embeddable":true,"href":"https:\/\/blogdoedvaldomagalhaes.com.br\/index.php\/wp-json\/wp\/v2\/categories?post=128775"},{"taxonomy":"post_tag","embeddable":true,"href":"https:\/\/blogdoedvaldomagalhaes.com.br\/index.php\/wp-json\/wp\/v2\/tags?post=128775"}],"curies":[{"name":"wp","href":"https:\/\/api.w.org\/{rel}","templated":true}]}}