{"id":128738,"date":"2026-04-24T11:09:21","date_gmt":"2026-04-24T14:09:21","guid":{"rendered":"https:\/\/blogdoedvaldomagalhaes.com.br\/?p=128738"},"modified":"2026-04-24T14:48:14","modified_gmt":"2026-04-24T17:48:14","slug":"sebrae-lanca-projeto-para-capacitar-e-profissionalizar-saloes-e-barbearias-em-caruaru","status":"publish","type":"post","link":"https:\/\/blogdoedvaldomagalhaes.com.br\/index.php\/2026\/04\/24\/sebrae-lanca-projeto-para-capacitar-e-profissionalizar-saloes-e-barbearias-em-caruaru\/","title":{"rendered":"Sebrae lan\u00e7a projeto para capacitar e profissionalizar sal\u00f5es e barbearias em Caruaru"},"content":{"rendered":"<p><span style=\"font-size: revert;\">Empreendedores e especialistas do setor de beleza no Agreste v\u00e3o se encontrar nesta \u00a0segunda-feira (27), no lan\u00e7amento do projeto Impulsionar Beleza. O evento marca o pontap\u00e9 inicial do programa de qualifica\u00e7\u00e3o voltado aos empreendedores do segmento &#8211; que j\u00e1 soma mais de 3,5 mil empresas no mercado local. Com atividades previstas para maio, o Impulsionar Beleza busca promover um salto na gest\u00e3o e nos resultados dos neg\u00f3cios. As inscri\u00e7\u00f5es para o evento, gratuito, podem ser feitas na Loja Virtual do Sebrae, pelo link https:\/\/pe.loja.sebrae.com.br\/impulsionar-beleza-ev-97423.<\/span><\/p>\n<p>A abertura re\u00fane representantes do Sebrae\/PE, da Prefeitura de Caruaru, da Associa\u00e7\u00e3o Comercial e Empresarial de Caruaru (Acic) e do Senac. Ao longo da noite, especialistas e empres\u00e1rios do segmento discutem desafios e oportunidades do mercado de beleza, al\u00e9m de tend\u00eancias e perspectivas para o setor. Entre os destaques da programa\u00e7\u00e3o est\u00e1 o painel \u201cBeleza em Transforma\u00e7\u00e3o: Tend\u00eancias e Perspectivas\u201d, com participa\u00e7\u00e3o de profissionais que atuam no mercado.<\/p>\n<p>O evento tamb\u00e9m inclui a apresenta\u00e7\u00e3o do projeto Impulsionar Beleza e uma palestra voltada \u00e0 gest\u00e3o de sal\u00f5es, com foco em lideran\u00e7a e organiza\u00e7\u00e3o dos neg\u00f3cios, ministrada por Cinthia Almeida, empres\u00e1ria do Sal\u00e3o Depp e refer\u00eancia na tem\u00e1tica.<\/p>\n<p>\u201cEsse lan\u00e7amento vai contar com representantes de v\u00e1rias institui\u00e7\u00f5es com o objetivo de desenvolver a\u00e7\u00f5es para o setor de beleza. Teremos uma programa\u00e7\u00e3o cheia de conte\u00fados. Esperamos a participa\u00e7\u00e3o de empreendedores do setor em Caruaru e na regi\u00e3o. O evento ser\u00e1 aberto ao p\u00fablico\u201d, destaca Fernando Lima, gestor de Beleza no Sebrae\/PE.<\/p>\n<p>DESAFIOS<br \/>\nCom um mercado aquecido e em constante crescimento, Caruaru se consolida como um dos principais polos de com\u00e9rcio e servi\u00e7os do interior de Pernambuco. Nesse cen\u00e1rio, o segmento de beleza, com mais de 3,5 mil empresas na cidade, se destaca pela forte presen\u00e7a entre os pequenos neg\u00f3cios, impulsionado pela alta demanda local e regional. Apesar disso, muitos empreendimentos ainda operam com baixa maturidade em gest\u00e3o, o que limita o crescimento e a competitividade.<\/p>\n<p>O projeto Impulsionar Beleza surge para mudar essa realidade, oferecendo capacita\u00e7\u00f5es e consultorias pr\u00e1ticas voltadas para gest\u00e3o financeira, marketing, biosseguran\u00e7a, organiza\u00e7\u00e3o operacional e uso de ferramentas digitais. A metodologia inclui oficinas, workshops e consultorias, garantindo acompanhamento mais pr\u00f3ximo e aplica\u00e7\u00e3o pr\u00e1tica dos conhecimentos. Entre os benef\u00edcios esperados est\u00e3o o aumento do faturamento e da lucratividade, melhoria no controle financeiro, amplia\u00e7\u00e3o da presen\u00e7a digital e redu\u00e7\u00e3o de desperd\u00edcios, tornando os neg\u00f3cios mais organizados, profissionais e competitivos.<\/p>\n<p>Segundo Lima, um dos destaques do projeto ser\u00e1 a capacita\u00e7\u00e3o presencial com o m\u00e9todo M\u00e9todo HairSIZE \u2013 Gaste Menos. \u201cEssa \u00e9 a a\u00e7\u00e3o central do programa. A capacita\u00e7\u00e3o ser\u00e1 ministrada por Fabiana Gondim, consultora com mais de 30 anos de experi\u00eancia no universo da beleza e criadora desse m\u00e9todo, que \u00e9 focado na redu\u00e7\u00e3o de desperd\u00edcios e melhoria da qualidade, com impacto direto na lucratividade dos sal\u00f5es\u201d. O cronograma de atividades do projeto, que ter\u00e1 vagas limitadas, ter\u00e1 in\u00edcio em maio e segue at\u00e9 setembro, com uma s\u00e9rie de atividades presenciais e online.<\/p>\n<p>Siga o Instagram @portaledvaldomagalhaes<br \/>\nFoto: Divulga\u00e7\u00e3o<\/p>\n","protected":false},"excerpt":{"rendered":"<p>Empreendedores e especialistas do setor de beleza no Agreste v\u00e3o se encontrar nesta \u00a0segunda-feira (27), no lan\u00e7amento do projeto Impulsionar&hellip;<\/p>\n","protected":false},"author":1,"featured_media":128739,"comment_status":"closed","ping_status":"open","sticky":false,"template":"","format":"standard","meta":{"footnotes":""},"categories":[21063],"tags":[13146,34634],"class_list":["post-128738","post","type-post","status-publish","format-standard","has-post-thumbnail","hentry","category-utilidade-publica","tag-blog-edvaldo-magalhaes","tag-portal-edvaldo-magalhaes"],"_links":{"self":[{"href":"https:\/\/blogdoedvaldomagalhaes.com.br\/index.php\/wp-json\/wp\/v2\/posts\/128738","targetHints":{"allow":["GET"]}}],"collection":[{"href":"https:\/\/blogdoedvaldomagalhaes.com.br\/index.php\/wp-json\/wp\/v2\/posts"}],"about":[{"href":"https:\/\/blogdoedvaldomagalhaes.com.br\/index.php\/wp-json\/wp\/v2\/types\/post"}],"author":[{"embeddable":true,"href":"https:\/\/blogdoedvaldomagalhaes.com.br\/index.php\/wp-json\/wp\/v2\/users\/1"}],"replies":[{"embeddable":true,"href":"https:\/\/blogdoedvaldomagalhaes.com.br\/index.php\/wp-json\/wp\/v2\/comments?post=128738"}],"version-history":[{"count":2,"href":"https:\/\/blogdoedvaldomagalhaes.com.br\/index.php\/wp-json\/wp\/v2\/posts\/128738\/revisions"}],"predecessor-version":[{"id":128770,"href":"https:\/\/blogdoedvaldomagalhaes.com.br\/index.php\/wp-json\/wp\/v2\/posts\/128738\/revisions\/128770"}],"wp:featuredmedia":[{"embeddable":true,"href":"https:\/\/blogdoedvaldomagalhaes.com.br\/index.php\/wp-json\/wp\/v2\/media\/128739"}],"wp:attachment":[{"href":"https:\/\/blogdoedvaldomagalhaes.com.br\/index.php\/wp-json\/wp\/v2\/media?parent=128738"}],"wp:term":[{"taxonomy":"category","embeddable":true,"href":"https:\/\/blogdoedvaldomagalhaes.com.br\/index.php\/wp-json\/wp\/v2\/categories?post=128738"},{"taxonomy":"post_tag","embeddable":true,"href":"https:\/\/blogdoedvaldomagalhaes.com.br\/index.php\/wp-json\/wp\/v2\/tags?post=128738"}],"curies":[{"name":"wp","href":"https:\/\/api.w.org\/{rel}","templated":true}]}}