{"id":128734,"date":"2026-04-24T10:26:42","date_gmt":"2026-04-24T13:26:42","guid":{"rendered":"https:\/\/blogdoedvaldomagalhaes.com.br\/?p=128734"},"modified":"2026-04-24T10:38:28","modified_gmt":"2026-04-24T13:38:28","slug":"finep-pelo-brasil-chega-a-caruaru-com-informacoes-sobre-financiamento-publico-para-empresas-e-instituicoes","status":"publish","type":"post","link":"https:\/\/blogdoedvaldomagalhaes.com.br\/index.php\/2026\/04\/24\/finep-pelo-brasil-chega-a-caruaru-com-informacoes-sobre-financiamento-publico-para-empresas-e-instituicoes\/","title":{"rendered":"Finep pelo Brasil chega a Caruaru com informa\u00e7\u00f5es sobre financiamento p\u00fablico para empresas e institui\u00e7\u00f5es"},"content":{"rendered":"<p><span style=\"font-size: revert;\">_Evento gratuito acontece na Unidade Regional Agreste da FIEPE, no bairro Maur\u00edcio de Nassau_<\/span><\/p>\n<p>Com o objetivo de aproximar o setor produtivo das oportunidades de financiamento \u00e0 inova\u00e7\u00e3o, a Financiadora de Estudos e Projetos (Finep), vinculada ao Minist\u00e9rio da Ci\u00eancia, Tecnologia e Inova\u00e7\u00e3o (MCTI), e a Federa\u00e7\u00e3o das Ind\u00fastrias do Estado de Pernambuco trazem para Caruaru o evento \u201cFinep pelo Brasil\u201d. A iniciativa acontecer\u00e1 no dia 27 de abril, a partir das 14h, na Unidade Regional Agreste da FIEPE, e apresentar\u00e1 linhas de cr\u00e9dito, instrumentos de apoio e estrat\u00e9gias voltadas ao fortalecimento da competitividade das empresas da regi\u00e3o.<\/p>\n<p>Caruaru integrar\u00e1 o conjunto das cem cidades contempladas pela jornada nacional de eventos presenciais promovida pela Finep e pelo MCTI at\u00e9 o final do m\u00eas de abril. Entre as oportunidades que ser\u00e3o apresentadas no evento, destacam-se os 13 editais j\u00e1 anunciados, que somam R$ 3,3 bilh\u00f5es em recursos n\u00e3o reembols\u00e1veis destinados a empresas e Institui\u00e7\u00f5es de Ci\u00eancia e Tecnologia (ICTs). Os interessados devem se inscrever por meio do link: https:\/\/forms.office.com\/pages\/responsepage.aspx?id=6yFnDgVzakGtK6JAA6DNaHKtEOt9NS9MloxXBHEMBj5UQjJFNVBTNVo1Q0RVWTNaTTYxQVNQMEc0NC4u&amp;origin=QRCode&amp;route=shorturl.<\/p>\n<p>A coordenadora de opera\u00e7\u00f5es da FIEPE, Julienny Lustosa, destaca a import\u00e2ncia da a\u00e7\u00e3o para o setor industrial. \u201cAl\u00e9m da apresenta\u00e7\u00e3o dos editais, tamb\u00e9m contaremos com o suporte de consultoria especializada parceira da FIEPE na elabora\u00e7\u00e3o de projetos, orientando os empres\u00e1rios sobre como acessar esses recursos e aplic\u00e1-los no desenvolvimento de inova\u00e7\u00e3o e tecnologia em suas empresas\u201d, afirma. \u00a0\u00a0<br \/>Siga o Instagram @portaledvaldomagalhaes<br \/>Foto: Flickr Sistema Fiepe<\/p>\n\n\n<p><\/p>\n","protected":false},"excerpt":{"rendered":"<p>_Evento gratuito acontece na Unidade Regional Agreste da FIEPE, no bairro Maur\u00edcio de Nassau_ Com o objetivo de aproximar o&hellip;<\/p>\n","protected":false},"author":1,"featured_media":128735,"comment_status":"closed","ping_status":"open","sticky":false,"template":"","format":"standard","meta":{"footnotes":""},"categories":[14120],"tags":[13146,34634],"class_list":["post-128734","post","type-post","status-publish","format-standard","has-post-thumbnail","hentry","category-noticias","tag-blog-edvaldo-magalhaes","tag-portal-edvaldo-magalhaes"],"_links":{"self":[{"href":"https:\/\/blogdoedvaldomagalhaes.com.br\/index.php\/wp-json\/wp\/v2\/posts\/128734","targetHints":{"allow":["GET"]}}],"collection":[{"href":"https:\/\/blogdoedvaldomagalhaes.com.br\/index.php\/wp-json\/wp\/v2\/posts"}],"about":[{"href":"https:\/\/blogdoedvaldomagalhaes.com.br\/index.php\/wp-json\/wp\/v2\/types\/post"}],"author":[{"embeddable":true,"href":"https:\/\/blogdoedvaldomagalhaes.com.br\/index.php\/wp-json\/wp\/v2\/users\/1"}],"replies":[{"embeddable":true,"href":"https:\/\/blogdoedvaldomagalhaes.com.br\/index.php\/wp-json\/wp\/v2\/comments?post=128734"}],"version-history":[{"count":2,"href":"https:\/\/blogdoedvaldomagalhaes.com.br\/index.php\/wp-json\/wp\/v2\/posts\/128734\/revisions"}],"predecessor-version":[{"id":128737,"href":"https:\/\/blogdoedvaldomagalhaes.com.br\/index.php\/wp-json\/wp\/v2\/posts\/128734\/revisions\/128737"}],"wp:featuredmedia":[{"embeddable":true,"href":"https:\/\/blogdoedvaldomagalhaes.com.br\/index.php\/wp-json\/wp\/v2\/media\/128735"}],"wp:attachment":[{"href":"https:\/\/blogdoedvaldomagalhaes.com.br\/index.php\/wp-json\/wp\/v2\/media?parent=128734"}],"wp:term":[{"taxonomy":"category","embeddable":true,"href":"https:\/\/blogdoedvaldomagalhaes.com.br\/index.php\/wp-json\/wp\/v2\/categories?post=128734"},{"taxonomy":"post_tag","embeddable":true,"href":"https:\/\/blogdoedvaldomagalhaes.com.br\/index.php\/wp-json\/wp\/v2\/tags?post=128734"}],"curies":[{"name":"wp","href":"https:\/\/api.w.org\/{rel}","templated":true}]}}