{"id":1287,"date":"2018-09-17T22:56:00","date_gmt":"2018-09-18T01:56:00","guid":{"rendered":"http:\/\/blogdoedvaldomagalhaes.com.br\/index.php\/2018\/09\/17\/resultado-da-pesquisa-ibope-para-o\/"},"modified":"2019-02-09T02:31:18","modified_gmt":"2019-02-09T04:31:18","slug":"resultado-da-pesquisa-ibope-para-o","status":"publish","type":"post","link":"https:\/\/blogdoedvaldomagalhaes.com.br\/index.php\/2018\/09\/17\/resultado-da-pesquisa-ibope-para-o\/","title":{"rendered":"Resultado da pesquisa Ibope para o governo de Pernambuco"},"content":{"rendered":"<div class=\"separator\" style=\"clear: both; text-align: center;\">\n<a href=\"https:\/\/2.bp.blogspot.com\/-CRr6ADJnuQs\/W6AwnnZf1JI\/AAAAAAAA6GA\/Nuc-C1h31484fG2PWhd5c9cpb7clFNtDQCLcBGAs\/s1600\/agora.jpg\" imageanchor=\"1\" style=\"margin-left: 1em; margin-right: 1em;\"><img loading=\"lazy\" decoding=\"async\" border=\"0\" data-original-height=\"1000\" data-original-width=\"1500\" height=\"426\" src=\"http:\/\/blogdoedvaldomagalhaes.com.br\/wp-content\/uploads\/2018\/09\/agora.jpg\" width=\"640\" \/><\/a><\/div>\n<div style=\"text-align: justify;\">\n<b><br \/><\/b><\/div>\n<div style=\"text-align: justify;\">\n<b>Do G1<\/b><\/div>\n<div style=\"text-align: justify;\">\n<\/div>\n<div style=\"text-align: justify;\">\nPesquisa Ibope divulgada nesta segunda-feira (17) aponta os seguintes percentuais de inten\u00e7\u00e3o de voto para o governo de Pernambuco:<\/div>\n<div style=\"text-align: justify;\">\n<\/div>\n<div style=\"text-align: justify;\">\nPaulo C\u00e2mara (PSB): 33%<\/div>\n<div style=\"text-align: justify;\">\nArmando Monteiro (PTB): 25%<\/div>\n<div style=\"text-align: justify;\">\nJulio Lossio (Rede): 2%<\/div>\n<div style=\"text-align: justify;\">\nMaur\u00edcio Rands (PROS): 2%<\/div>\n<div style=\"text-align: justify;\">\nAna Patr\u00edcia Alves (PCO): 1%<\/div>\n<div style=\"text-align: justify;\">\nSimone Fontana (PSTU): 1%<\/div>\n<div style=\"text-align: justify;\">\nDani Portela (PSOL): 1%<\/div>\n<div style=\"text-align: justify;\">\nBrancos\/nulos: 24%<\/div>\n<div style=\"text-align: justify;\">\nN\u00e3o sabe\/n\u00e3o respondeu: 10%<\/div>\n<div style=\"text-align: justify;\">\nA pesquisa foi encomendada pela TV Globo e pelo &#8220;Jornal do Commercio&#8221;. \u00c9 o terceiro levantamento do Ibope realizado depois da oficializa\u00e7\u00e3o das candidaturas na Justi\u00e7a Eleitoral.<\/div>\n<div style=\"text-align: justify;\">\n<\/div>\n<div style=\"text-align: justify;\">\nNo levantamento anterior, feito entre os dias 2 e 4 de setembro, os percentuais de inten\u00e7\u00e3o de votos eram os seguintes:<\/div>\n<div style=\"text-align: justify;\">\n<\/div>\n<div style=\"text-align: justify;\">\nPaulo C\u00e2mara (PSB): 33%<\/div>\n<div style=\"text-align: justify;\">\nArmando Monteiro (PTB): 24%<\/div>\n<div style=\"text-align: justify;\">\nJulio Lossio (Rede): 3%<\/div>\n<div style=\"text-align: justify;\">\nMaur\u00edcio Rands (PROS): 2%<\/div>\n<div style=\"text-align: justify;\">\nAna Patr\u00edcia Alves (PCO): 1%<\/div>\n<div style=\"text-align: justify;\">\nSimone Fontana (PSTU): 1%<\/div>\n<div style=\"text-align: justify;\">\nDani Portela (PSOL): 1%<\/div>\n<div style=\"text-align: justify;\">\nBrancos\/nulos: 24%<\/div>\n<div style=\"text-align: justify;\">\nN\u00e3o sabe\/n\u00e3o respondeu: 11%<\/div>\n<div style=\"text-align: justify;\">\nSobre a pesquisa desta segunda-feira, 17<\/div>\n<div style=\"text-align: justify;\">\nMargem de erro: 3 pontos percentuais para mais ou para menos<\/div>\n<div style=\"text-align: justify;\">\nQuem foi ouvido: 1.204 eleitores de todas as regi\u00f5es do estado, com 16 anos ou mais<\/div>\n<div style=\"text-align: justify;\">\nQuando a pesquisa foi feita: 14 a 16 de setembro<\/div>\n<div style=\"text-align: justify;\">\nRegistro no TRE: PE-02931\/2018<\/div>\n<div style=\"text-align: justify;\">\nRegistro no TSE: BR\u201001251\/2018<\/div>\n<div style=\"text-align: justify;\">\nO n\u00edvel de confian\u00e7a utilizado \u00e9 de 95%. Isso quer dizer que h\u00e1 uma probabilidade de 95% de os resultados retratarem o atual momento eleitoral, considerando a margem de erro<\/div>\n<div style=\"text-align: justify;\">\n0% significa que o candidato n\u00e3o atingiu 1%. Tra\u00e7o significa que o candidato n\u00e3o foi citado por nenhum entrevistado<\/div>\n<div style=\"text-align: justify;\">\nEspont\u00e2nea<\/div>\n<div style=\"text-align: justify;\">\nNa modalidade espont\u00e2nea da pesquisa Ibope (em que o pesquisador somente pergunta ao eleitor em quem ele pretende votar, sem apresentar a rela\u00e7\u00e3o de candidatos), o resultado foi o seguinte, no levantamento feito entre 14 e 16 de setembro:<\/div>\n<div style=\"text-align: justify;\">\n<\/div>\n<div style=\"text-align: justify;\">\nPaulo C\u00e2mara (PSB): 18%<\/div>\n<div style=\"text-align: justify;\">\nArmando Monteiro (PTB): 12%<\/div>\n<div style=\"text-align: justify;\">\nJulio Lossio (Rede): 1%<\/div>\n<div style=\"text-align: justify;\">\nDani Portela (PSOL): 0%<\/div>\n<div style=\"text-align: justify;\">\nMaur\u00edcio Rands (PROS): 0%<\/div>\n<div style=\"text-align: justify;\">\nSimone Fontana (PSTU): 0%<\/div>\n<div style=\"text-align: justify;\">\nAna Patr\u00edcia Alves (PCO): &#8211;<\/div>\n<div style=\"text-align: justify;\">\nOutros: 3%<\/div>\n<div style=\"text-align: justify;\">\nBranco\/nulo: 25%<\/div>\n<div style=\"text-align: justify;\">\nN\u00e3o sabe\/n\u00e3o respondeu: 40%<\/div>\n<div style=\"text-align: justify;\">\n<\/div>\n<div style=\"text-align: justify;\">\nRejei\u00e7\u00e3o<\/div>\n<div style=\"text-align: justify;\">\nO Ibope tamb\u00e9m mediu a taxa de rejei\u00e7\u00e3o (o eleitor deve dizer em qual dos candidatos n\u00e3o votaria de jeito nenhum). Nesse item, os entrevistados puderam escolher mais de um nome. Veja os \u00edndices no levantamento feito entre 14 e 16 de setembro:<\/div>\n<div style=\"text-align: justify;\">\n<\/div>\n<div style=\"text-align: justify;\">\nPaulo C\u00e2mara (PSB): 30%<\/div>\n<div style=\"text-align: justify;\">\nArmando Monteiro (PTB): 24%<\/div>\n<div style=\"text-align: justify;\">\nSimone Fontana (PSTU): 22%<\/div>\n<div style=\"text-align: justify;\">\nDani Portela (PSOL): 21%<\/div>\n<div style=\"text-align: justify;\">\nJulio Lossio (Rede): 21%<\/div>\n<div style=\"text-align: justify;\">\nAna Patr\u00edcia Alves (PCO): 20%<\/div>\n<div style=\"text-align: justify;\">\nMaur\u00edcio Rands (PROS): 18%<\/div>\n<div style=\"text-align: justify;\">\nPoderia votar em todos: 3%<\/div>\n<div style=\"text-align: justify;\">\nN\u00e3o sabe\/n\u00e3o respondeu: 20%<\/div>\n<div style=\"text-align: justify;\">\nSimula\u00e7\u00e3o de segundo turno<\/div>\n<div style=\"text-align: justify;\">\nPaulo C\u00e2mara 41% x 37% Armando Monteiro (branco\/nulo: 17%; n\u00e3o sabe: 6%)<\/div>\n<div style=\"text-align: justify;\">\nO Ibope tamb\u00e9m ouviu eleitores em Pernambuco a respeito da disputa para o Senado.<\/div>\n<div style=\"text-align: justify;\">\n<\/div>\n<div style=\"text-align: justify;\">\nANA PATR\u00cdCIA ALVES<\/div>\n<div style=\"text-align: justify;\">\n<\/div>\n<div style=\"text-align: justify;\">\n<\/div>\n","protected":false},"excerpt":{"rendered":"<p>Do G1 Pesquisa Ibope divulgada nesta segunda-feira (17) aponta os seguintes percentuais de inten\u00e7\u00e3o de voto para o governo de&hellip;<\/p>\n","protected":false},"author":1,"featured_media":0,"comment_status":"open","ping_status":"open","sticky":false,"template":"","format":"standard","meta":{"footnotes":""},"categories":[1],"tags":[2,20,1248],"class_list":["post-1287","post","type-post","status-publish","format-standard","hentry","category-sem-categoria","tag-blog-do-edvaldo-magalhaes","tag-politica","tag-resultado-da-pesquisa-ibope-para-o-governo-de-pernambuco"],"_links":{"self":[{"href":"https:\/\/blogdoedvaldomagalhaes.com.br\/index.php\/wp-json\/wp\/v2\/posts\/1287","targetHints":{"allow":["GET"]}}],"collection":[{"href":"https:\/\/blogdoedvaldomagalhaes.com.br\/index.php\/wp-json\/wp\/v2\/posts"}],"about":[{"href":"https:\/\/blogdoedvaldomagalhaes.com.br\/index.php\/wp-json\/wp\/v2\/types\/post"}],"author":[{"embeddable":true,"href":"https:\/\/blogdoedvaldomagalhaes.com.br\/index.php\/wp-json\/wp\/v2\/users\/1"}],"replies":[{"embeddable":true,"href":"https:\/\/blogdoedvaldomagalhaes.com.br\/index.php\/wp-json\/wp\/v2\/comments?post=1287"}],"version-history":[{"count":1,"href":"https:\/\/blogdoedvaldomagalhaes.com.br\/index.php\/wp-json\/wp\/v2\/posts\/1287\/revisions"}],"predecessor-version":[{"id":34131,"href":"https:\/\/blogdoedvaldomagalhaes.com.br\/index.php\/wp-json\/wp\/v2\/posts\/1287\/revisions\/34131"}],"wp:attachment":[{"href":"https:\/\/blogdoedvaldomagalhaes.com.br\/index.php\/wp-json\/wp\/v2\/media?parent=1287"}],"wp:term":[{"taxonomy":"category","embeddable":true,"href":"https:\/\/blogdoedvaldomagalhaes.com.br\/index.php\/wp-json\/wp\/v2\/categories?post=1287"},{"taxonomy":"post_tag","embeddable":true,"href":"https:\/\/blogdoedvaldomagalhaes.com.br\/index.php\/wp-json\/wp\/v2\/tags?post=1287"}],"curies":[{"name":"wp","href":"https:\/\/api.w.org\/{rel}","templated":true}]}}