{"id":1284,"date":"2018-09-18T12:12:00","date_gmt":"2018-09-18T15:12:00","guid":{"rendered":"http:\/\/blogdoedvaldomagalhaes.com.br\/index.php\/2018\/09\/18\/mulher-morre-atropelada-na-br-232-e\/"},"modified":"2019-02-09T02:31:21","modified_gmt":"2019-02-09T04:31:21","slug":"mulher-morre-atropelada-na-br-232-e","status":"publish","type":"post","link":"https:\/\/blogdoedvaldomagalhaes.com.br\/index.php\/2018\/09\/18\/mulher-morre-atropelada-na-br-232-e\/","title":{"rendered":"Mulher morre atropelada na BR-232 em Caruaru"},"content":{"rendered":"<div class=\"separator\" style=\"clear: both; text-align: center;\">\n<\/div>\n<div class=\"separator\" style=\"clear: both; text-align: center;\">\n<a href=\"https:\/\/2.bp.blogspot.com\/-mt89O5vvxCo\/W6DzGMWr7tI\/AAAAAAAA6G8\/YWXoPKp3s3AsDKvS-y97RsPIopgLr71gACLcBGAs\/s1600\/IMG-20180918-WA0026.jpg\" imageanchor=\"1\" style=\"margin-left: 1em; margin-right: 1em;\"><img loading=\"lazy\" decoding=\"async\" border=\"0\" data-original-height=\"584\" data-original-width=\"1040\" height=\"358\" src=\"http:\/\/blogdoedvaldomagalhaes.com.br\/wp-content\/uploads\/2018\/09\/IMG-20180918-WA0026.jpg\" width=\"640\" \/><\/a><\/div>\n<p><\/p>\n<div class=\"separator\" style=\"clear: both; text-align: center;\">\n<a href=\"https:\/\/4.bp.blogspot.com\/-HDWpcUh7Mqo\/W6DzKBWhD2I\/AAAAAAAA6HA\/fjjvB8XVndoleySspXwMR-NqVEirbJ7dwCLcBGAs\/s1600\/IMG-20180918-WA0027.jpg\" imageanchor=\"1\" style=\"margin-left: 1em; margin-right: 1em;\"><img loading=\"lazy\" decoding=\"async\" border=\"0\" data-original-height=\"584\" data-original-width=\"1040\" height=\"358\" src=\"http:\/\/blogdoedvaldomagalhaes.com.br\/wp-content\/uploads\/2018\/09\/IMG-20180918-WA0027.jpg\" width=\"640\" \/><\/a><\/div>\n<p><\/p>\n<div class=\"separator\" style=\"clear: both; text-align: center;\">\n<a href=\"https:\/\/3.bp.blogspot.com\/-2cKo8O4UsNM\/W6DzMG0fxLI\/AAAAAAAA6HE\/NtI37X69alsUFCG-3l6D8ONSpA8noBxEACLcBGAs\/s1600\/IMG-20180918-WA0028.jpg\" imageanchor=\"1\" style=\"margin-left: 1em; margin-right: 1em;\"><img loading=\"lazy\" decoding=\"async\" border=\"0\" data-original-height=\"584\" data-original-width=\"1040\" height=\"358\" src=\"http:\/\/blogdoedvaldomagalhaes.com.br\/wp-content\/uploads\/2018\/09\/IMG-20180918-WA0028.jpg\" width=\"640\" \/><\/a><\/div>\n<p><\/p>\n<div class=\"separator\" style=\"clear: both; text-align: center;\">\n<a href=\"https:\/\/1.bp.blogspot.com\/-dcauG1TRQO0\/W6DzOZSskJI\/AAAAAAAA6HI\/9h83nSNNHgwHnlSJH5xIz1bPm2uB8juwgCLcBGAs\/s1600\/IMG-20180918-WA0029.jpg\" imageanchor=\"1\" style=\"margin-left: 1em; margin-right: 1em;\"><img loading=\"lazy\" decoding=\"async\" border=\"0\" data-original-height=\"584\" data-original-width=\"1040\" height=\"358\" src=\"http:\/\/blogdoedvaldomagalhaes.com.br\/wp-content\/uploads\/2018\/09\/IMG-20180918-WA0029.jpg\" width=\"640\" \/><\/a><\/div>\n<div class=\"separator\" style=\"clear: both; text-align: center;\">\nFotos: Josias Souza\/Sem Meias Palavras&nbsp;<\/div>\n<p><\/p>\n<div style=\"text-align: justify;\">\nMaria Adriana Silva de Lima, 41 anos de idade, estava com a neta identificada pelo nome de Laura, de apenas 01 ano e 06 meses tentando atravessar a BR-232, na faixa de pedestre nas proximidades da entrada do sitio Murici, zona rural de Caruaru, quando&nbsp; foi atropelada, na manh\u00e3 desta ter\u00e7a-feira (18). A senhora Adriana morreu no local e a crian\u00e7a arremessada a cerca de 06 metros do local do acidente, sendo socorrida pelo Corpo de Bombeiros para o Hospital Regional do Agreste (HRA). Segundo informa\u00e7\u00f5es, a crian\u00e7a teve algumas les\u00f5es nas pernas e escoria\u00e7\u00f5es pelo corpo. J\u00e1 o motorista do ve\u00edculo que causou o acidente, tentou fugir mas foi &nbsp;pego, a Pol\u00edcia Militar est\u00e1 com ele.&nbsp;<\/p>\n<\/div>\n<blockquote class=\"tr_bq\" style=\"clear: both; text-align: center;\"><\/blockquote>\n<div class=\"separator\" style=\"clear: both; text-align: center;\">\n<a href=\"http:\/\/blogdoedvaldomagalhaes.com.br\/wp-content\/uploads\/2018\/09\/IMG-20180918-WA0030-576x1024.jpg\" imageanchor=\"1\" style=\"margin-left: 1em; margin-right: 1em;\"><img decoding=\"async\" border=\"0\" data-original-height=\"1040\" data-original-width=\"585\" src=\"http:\/\/blogdoedvaldomagalhaes.com.br\/wp-content\/uploads\/2018\/09\/IMG-20180918-WA0030-576x1024.jpg\" \/><\/a><\/div>\n<div class=\"separator\" style=\"clear: both; text-align: center;\">\nFoto cedida por Renan da Funer\u00e1ria&nbsp;<\/div>\n<div class=\"separator\" style=\"clear: both; text-align: center;\">\n<a href=\"http:\/\/blogdoedvaldomagalhaes.com.br\/wp-content\/uploads\/2018\/09\/IMG-20180918-WA0067-444x1024.jpg\" imageanchor=\"1\" style=\"margin-left: 1em; margin-right: 1em;\"><img decoding=\"async\" border=\"0\" data-original-height=\"1280\" data-original-width=\"555\" src=\"http:\/\/blogdoedvaldomagalhaes.com.br\/wp-content\/uploads\/2018\/09\/IMG-20180918-WA0067-444x1024.jpg\" \/><\/a><\/div>\n<p><\/p>\n","protected":false},"excerpt":{"rendered":"<p>Fotos: Josias Souza\/Sem Meias Palavras&nbsp; Maria Adriana Silva de Lima, 41 anos de idade, estava com a neta identificada pelo&hellip;<\/p>\n","protected":false},"author":1,"featured_media":0,"comment_status":"open","ping_status":"open","sticky":false,"template":"","format":"standard","meta":{"footnotes":""},"categories":[1],"tags":[2,1244,6],"class_list":["post-1284","post","type-post","status-publish","format-standard","hentry","category-sem-categoria","tag-blog-do-edvaldo-magalhaes","tag-mulher-morre-atropelada-na-br-232-em-caruaru","tag-noticias"],"_links":{"self":[{"href":"https:\/\/blogdoedvaldomagalhaes.com.br\/index.php\/wp-json\/wp\/v2\/posts\/1284","targetHints":{"allow":["GET"]}}],"collection":[{"href":"https:\/\/blogdoedvaldomagalhaes.com.br\/index.php\/wp-json\/wp\/v2\/posts"}],"about":[{"href":"https:\/\/blogdoedvaldomagalhaes.com.br\/index.php\/wp-json\/wp\/v2\/types\/post"}],"author":[{"embeddable":true,"href":"https:\/\/blogdoedvaldomagalhaes.com.br\/index.php\/wp-json\/wp\/v2\/users\/1"}],"replies":[{"embeddable":true,"href":"https:\/\/blogdoedvaldomagalhaes.com.br\/index.php\/wp-json\/wp\/v2\/comments?post=1284"}],"version-history":[{"count":1,"href":"https:\/\/blogdoedvaldomagalhaes.com.br\/index.php\/wp-json\/wp\/v2\/posts\/1284\/revisions"}],"predecessor-version":[{"id":34142,"href":"https:\/\/blogdoedvaldomagalhaes.com.br\/index.php\/wp-json\/wp\/v2\/posts\/1284\/revisions\/34142"}],"wp:attachment":[{"href":"https:\/\/blogdoedvaldomagalhaes.com.br\/index.php\/wp-json\/wp\/v2\/media?parent=1284"}],"wp:term":[{"taxonomy":"category","embeddable":true,"href":"https:\/\/blogdoedvaldomagalhaes.com.br\/index.php\/wp-json\/wp\/v2\/categories?post=1284"},{"taxonomy":"post_tag","embeddable":true,"href":"https:\/\/blogdoedvaldomagalhaes.com.br\/index.php\/wp-json\/wp\/v2\/tags?post=1284"}],"curies":[{"name":"wp","href":"https:\/\/api.w.org\/{rel}","templated":true}]}}