{"id":1283,"date":"2018-09-18T13:45:00","date_gmt":"2018-09-18T16:45:00","guid":{"rendered":"http:\/\/blogdoedvaldomagalhaes.com.br\/index.php\/2018\/09\/18\/suposto-estupro-nota-da-secretaria-de\/"},"modified":"2019-02-09T02:31:21","modified_gmt":"2019-02-09T04:31:21","slug":"suposto-estupro-nota-da-secretaria-de","status":"publish","type":"post","link":"https:\/\/blogdoedvaldomagalhaes.com.br\/index.php\/2018\/09\/18\/suposto-estupro-nota-da-secretaria-de\/","title":{"rendered":"Suposto Estupro: Nota da Secretaria de Sa\u00fade de Caruaru sobre atendimento de beb\u00ea"},"content":{"rendered":"<div class=\"separator\" style=\"clear: both; text-align: center;\">\n<a href=\"https:\/\/4.bp.blogspot.com\/-CjT4_-_hBNs\/W6D-Y6z3tFI\/AAAAAAAA6Ho\/-er0huCTJM0vdJ4k7uQX3pYqO90sZYvjACLcBGAs\/s1600\/unnamed.jpg\" imageanchor=\"1\" style=\"margin-left: 1em; margin-right: 1em;\"><img loading=\"lazy\" decoding=\"async\" border=\"0\" data-original-height=\"277\" data-original-width=\"531\" height=\"332\" src=\"http:\/\/blogdoedvaldomagalhaes.com.br\/wp-content\/uploads\/2018\/09\/unnamed.jpg\" width=\"640\" \/><\/a><\/div>\n<div style=\"text-align: justify;\">\n<\/div>\n<div style=\"text-align: justify;\">\nNota sobre caso do beb\u00ea na UPA do Salgado<\/div>\n<div style=\"text-align: justify;\">\n<\/div>\n<div style=\"text-align: justify;\">\nA Secretaria de Sa\u00fade de Caruaru informa que o beb\u00ea de tr\u00eas meses deu entrada na UPA do Salgado, na \u00faltima ter\u00e7a-feira (11), apresentando les\u00f5es a serem esclarecidas. Na unidade foi prestado todo o atendimento, a crian\u00e7a estava est\u00e1vel e foi liberada com alta. A m\u00e9dica de plant\u00e3o solicitou a presen\u00e7a da Pol\u00edcia Militar para acompanhar os familiares e a crian\u00e7a para os encaminhamentos legais.<\/div>\n","protected":false},"excerpt":{"rendered":"<p>Nota sobre caso do beb\u00ea na UPA do Salgado A Secretaria de Sa\u00fade de Caruaru informa que o beb\u00ea de&hellip;<\/p>\n","protected":false},"author":1,"featured_media":0,"comment_status":"open","ping_status":"open","sticky":false,"template":"","format":"standard","meta":{"footnotes":""},"categories":[1],"tags":[2,6,1243],"class_list":["post-1283","post","type-post","status-publish","format-standard","hentry","category-sem-categoria","tag-blog-do-edvaldo-magalhaes","tag-noticias","tag-suposto-estupro-nota-da-secretaria-de-saude-de-caruaru-sobre-atendimento-de-bebe"],"_links":{"self":[{"href":"https:\/\/blogdoedvaldomagalhaes.com.br\/index.php\/wp-json\/wp\/v2\/posts\/1283","targetHints":{"allow":["GET"]}}],"collection":[{"href":"https:\/\/blogdoedvaldomagalhaes.com.br\/index.php\/wp-json\/wp\/v2\/posts"}],"about":[{"href":"https:\/\/blogdoedvaldomagalhaes.com.br\/index.php\/wp-json\/wp\/v2\/types\/post"}],"author":[{"embeddable":true,"href":"https:\/\/blogdoedvaldomagalhaes.com.br\/index.php\/wp-json\/wp\/v2\/users\/1"}],"replies":[{"embeddable":true,"href":"https:\/\/blogdoedvaldomagalhaes.com.br\/index.php\/wp-json\/wp\/v2\/comments?post=1283"}],"version-history":[{"count":1,"href":"https:\/\/blogdoedvaldomagalhaes.com.br\/index.php\/wp-json\/wp\/v2\/posts\/1283\/revisions"}],"predecessor-version":[{"id":34144,"href":"https:\/\/blogdoedvaldomagalhaes.com.br\/index.php\/wp-json\/wp\/v2\/posts\/1283\/revisions\/34144"}],"wp:attachment":[{"href":"https:\/\/blogdoedvaldomagalhaes.com.br\/index.php\/wp-json\/wp\/v2\/media?parent=1283"}],"wp:term":[{"taxonomy":"category","embeddable":true,"href":"https:\/\/blogdoedvaldomagalhaes.com.br\/index.php\/wp-json\/wp\/v2\/categories?post=1283"},{"taxonomy":"post_tag","embeddable":true,"href":"https:\/\/blogdoedvaldomagalhaes.com.br\/index.php\/wp-json\/wp\/v2\/tags?post=1283"}],"curies":[{"name":"wp","href":"https:\/\/api.w.org\/{rel}","templated":true}]}}