{"id":1282,"date":"2018-09-18T18:09:00","date_gmt":"2018-09-18T21:09:00","guid":{"rendered":"http:\/\/blogdoedvaldomagalhaes.com.br\/index.php\/2018\/09\/18\/secretaria-de-saude-de-pernambuco\/"},"modified":"2019-02-09T02:31:21","modified_gmt":"2019-02-09T04:31:21","slug":"secretaria-de-saude-de-pernambuco","status":"publish","type":"post","link":"https:\/\/blogdoedvaldomagalhaes.com.br\/index.php\/2018\/09\/18\/secretaria-de-saude-de-pernambuco\/","title":{"rendered":"Secretaria de Sa\u00fade de Pernambuco prorroga inscri\u00e7\u00f5es para concurso"},"content":{"rendered":"<div class=\"separator\" style=\"clear: both; text-align: center;\">\n<a href=\"https:\/\/4.bp.blogspot.com\/-KVjSLZnht0s\/W6E_N3EN0NI\/AAAAAAAA6II\/W4vqP4yFLvcVkVLULcE3u9yuxEXcnZibQCLcBGAs\/s1600\/concurso.jpg\" imageanchor=\"1\" style=\"margin-left: 1em; margin-right: 1em;\"><img loading=\"lazy\" decoding=\"async\" border=\"0\" data-original-height=\"299\" data-original-width=\"640\" height=\"294\" src=\"http:\/\/blogdoedvaldomagalhaes.com.br\/wp-content\/uploads\/2018\/09\/concurso.jpg\" width=\"640\" \/><\/a><\/div>\n<div style=\"background-color: white; box-sizing: border-box; line-height: 24px; margin-bottom: 10px; text-align: justify;\">\n<\/div>\n<div style=\"background-color: white; box-sizing: border-box; line-height: 24px; margin-bottom: 10px; text-align: justify;\">\nA Secretaria Estadual de Sa\u00fade (SES) prorrogou at\u00e9 o dia 28 de setembro o per\u00edodo de inscri\u00e7\u00e3o do concurso p\u00fablico da pasta, com mil vagas para cargos dos n\u00edveis m\u00e9dio e superior. Tamb\u00e9m foi estendido at\u00e9 as 12h do dia 20 o tempo para solicitar a isen\u00e7\u00e3o da taxa.<\/div>\n<div style=\"background-color: white; box-sizing: border-box; line-height: 24px; margin-bottom: 10px; text-align: justify;\">\nPara validar a participa\u00e7\u00e3o no certame, \u00e9 preciso se inscrever pelo&nbsp;<strong style=\"box-sizing: border-box;\"><a data-saferedirecturl=\"https:\/\/www.google.com\/url?hl=pt-BR&amp;q=http:\/\/www.institutoaocp.org.br\/&amp;source=gmail&amp;ust=1537303741476000&amp;usg=AFQjCNFvzTdtk4J7oiBVXqiX4-Zj3bQBhg\" href=\"http:\/\/www.institutoaocp.org.br\/\" style=\"background-color: transparent; box-sizing: border-box; text-decoration-line: none; transition: all 0.3s ease 0s;\">institutoaocp.org.br<\/a><\/strong>. At\u00e9 o momento, mais de 88 mil pessoas fizeram a inscri\u00e7\u00e3o, contudo, apenas 36 mil j\u00e1 tiveram o pagamento da taxa confirmado.<\/div>\n<div style=\"background-color: white; box-sizing: border-box; line-height: 24px; margin-bottom: 10px; text-align: justify;\">\nDas mil vagas, 970 s\u00e3o para o grupo ocupacional sa\u00fade p\u00fablica, sendo 260 para o cargo de m\u00e9dico, 250 para analista em sa\u00fade (diversas profiss\u00f5es de n\u00edvel superior) e 460 assistente em sa\u00fade (diversas profiss\u00f5es de n\u00edvel m\u00e9dio). As outras 30 vagas s\u00e3o do grupo ocupacional de fiscaliza\u00e7\u00e3o sanit\u00e1ria da sa\u00fade, todas para fiscal de vigil\u00e2ncia sanit\u00e1ria.<\/div>\n<div style=\"background-color: white; box-sizing: border-box; line-height: 24px; margin-bottom: 10px; text-align: justify;\">\nNo edital, s\u00e3o especificados os requisitos para cada cargo\/especialidade, al\u00e9m das atribui\u00e7\u00f5es. Importante frisar que as vagas s\u00e3o para cargos e lota\u00e7\u00e3o em Ger\u00eancias Regionais de Sa\u00fade (Geres) que a Secretaria n\u00e3o possui mais banco do \u00faltimo&nbsp;concurso&nbsp;realizado em 2014, que ainda est\u00e1 vigente at\u00e9 dezembro de 2018. Os cargos beneficiados com o&nbsp;concurso&nbsp;p\u00fablico de 2014 que ainda possuem banco continuam v\u00e1lidos.<\/div>\n","protected":false},"excerpt":{"rendered":"<p>A Secretaria Estadual de Sa\u00fade (SES) prorrogou at\u00e9 o dia 28 de setembro o per\u00edodo de inscri\u00e7\u00e3o do concurso p\u00fablico&hellip;<\/p>\n","protected":false},"author":1,"featured_media":0,"comment_status":"open","ping_status":"open","sticky":false,"template":"","format":"standard","meta":{"footnotes":""},"categories":[1],"tags":[2,6,1242],"class_list":["post-1282","post","type-post","status-publish","format-standard","hentry","category-sem-categoria","tag-blog-do-edvaldo-magalhaes","tag-noticias","tag-secretaria-de-saude-de-pernambuco-prorroga-inscricoes-para-concurso"],"_links":{"self":[{"href":"https:\/\/blogdoedvaldomagalhaes.com.br\/index.php\/wp-json\/wp\/v2\/posts\/1282","targetHints":{"allow":["GET"]}}],"collection":[{"href":"https:\/\/blogdoedvaldomagalhaes.com.br\/index.php\/wp-json\/wp\/v2\/posts"}],"about":[{"href":"https:\/\/blogdoedvaldomagalhaes.com.br\/index.php\/wp-json\/wp\/v2\/types\/post"}],"author":[{"embeddable":true,"href":"https:\/\/blogdoedvaldomagalhaes.com.br\/index.php\/wp-json\/wp\/v2\/users\/1"}],"replies":[{"embeddable":true,"href":"https:\/\/blogdoedvaldomagalhaes.com.br\/index.php\/wp-json\/wp\/v2\/comments?post=1282"}],"version-history":[{"count":1,"href":"https:\/\/blogdoedvaldomagalhaes.com.br\/index.php\/wp-json\/wp\/v2\/posts\/1282\/revisions"}],"predecessor-version":[{"id":34146,"href":"https:\/\/blogdoedvaldomagalhaes.com.br\/index.php\/wp-json\/wp\/v2\/posts\/1282\/revisions\/34146"}],"wp:attachment":[{"href":"https:\/\/blogdoedvaldomagalhaes.com.br\/index.php\/wp-json\/wp\/v2\/media?parent=1282"}],"wp:term":[{"taxonomy":"category","embeddable":true,"href":"https:\/\/blogdoedvaldomagalhaes.com.br\/index.php\/wp-json\/wp\/v2\/categories?post=1282"},{"taxonomy":"post_tag","embeddable":true,"href":"https:\/\/blogdoedvaldomagalhaes.com.br\/index.php\/wp-json\/wp\/v2\/tags?post=1282"}],"curies":[{"name":"wp","href":"https:\/\/api.w.org\/{rel}","templated":true}]}}