{"id":1281,"date":"2018-09-18T18:11:00","date_gmt":"2018-09-18T21:11:00","guid":{"rendered":"http:\/\/blogdoedvaldomagalhaes.com.br\/index.php\/2018\/09\/18\/candidatos-debatem-pernambuco-na-radio\/"},"modified":"2019-02-09T02:31:22","modified_gmt":"2019-02-09T04:31:22","slug":"candidatos-debatem-pernambuco-na-radio","status":"publish","type":"post","link":"https:\/\/blogdoedvaldomagalhaes.com.br\/index.php\/2018\/09\/18\/candidatos-debatem-pernambuco-na-radio\/","title":{"rendered":"Candidatos debatem Pernambuco na R\u00e1dio Liberdade com democracia"},"content":{"rendered":"<div class=\"separator\" style=\"clear: both; text-align: center;\">\n<a href=\"https:\/\/3.bp.blogspot.com\/-am6tTtmwQKw\/W6E_uSMUP2I\/AAAAAAAA6IQ\/E_NyAYh-34YPIUc3gPomsWy-mrMB7YPIQCLcBGAs\/s1600\/lib.jpg\" imageanchor=\"1\" style=\"margin-left: 1em; margin-right: 1em;\"><img loading=\"lazy\" decoding=\"async\" border=\"0\" data-original-height=\"768\" data-original-width=\"1024\" height=\"474\" src=\"http:\/\/blogdoedvaldomagalhaes.com.br\/wp-content\/uploads\/2018\/09\/lib-1.jpg\" width=\"640\" \/><\/a><\/div>\n<div style=\"background-color: white; box-sizing: border-box; line-height: 24px; margin-bottom: 10px; text-align: justify;\">\n<\/div>\n<div style=\"background-color: white; box-sizing: border-box; line-height: 24px; margin-bottom: 10px; text-align: justify;\">\nA R\u00e1dio Liberdade promoveu na manh\u00e3 desta ter\u00e7a-feira (18) o \u00fanico debate do interior com candidatos ao Governo de Pernambuco. Participaram da sabatina Armando Monteiro (PTB), Dani Portela (PSOL), Maur\u00edcio Rands (PROS) e Paulo C\u00e2mara (PSB), que t\u00eam representantes no Congresso Nacional.<\/div>\n<div style=\"background-color: white; box-sizing: border-box; line-height: 24px; margin-bottom: 10px; text-align: justify;\">\nO embate teve cinco blocos com confrontos diretos entre os candidatos, que abordaram temas como sa\u00fade, educa\u00e7\u00e3o, economia, infraestrutura e seguran\u00e7a p\u00fablica. A sabatina come\u00e7ou com cr\u00edticas dos advers\u00e1rios ao candidato \u00e0 reelei\u00e7\u00e3o Paulo C\u00e2mara, que defendeu o seu governo citando a\u00e7\u00f5es executadas para o crescimento do Estado.<\/div>\n<div style=\"background-color: white; box-sizing: border-box; line-height: 24px; margin-bottom: 10px; text-align: justify;\">\nO evento, que aconteceu no audit\u00f3rio do Sest Senat, com media\u00e7\u00e3o de S\u00f3crates da Silva, teve dura\u00e7\u00e3o de mais de duas horas e foi retransmitido por v\u00e1rias emissoras.<\/div>\n<div style=\"background-color: white; box-sizing: border-box; line-height: 24px; margin-bottom: 10px; text-align: justify;\">\nO debate da R\u00e1dio Liberdade seguiu a Lei 9.504\/2017, artigo 46, que considera aptos os candidatos das coliga\u00e7\u00f5es com no m\u00ednimo cinco representantes no Congresso Nacional.<\/div>\n<div style=\"background-color: white; box-sizing: border-box; line-height: 24px; margin-bottom: 10px; text-align: justify;\">\nInsatisfeito por n\u00e3o poder participar do embate, o candidato Julio Lossio (REDE) realizou uma manifesta\u00e7\u00e3o na frente do Sest Senat com alguns apoiadores. Ele teve que se retirar do local com a interven\u00e7\u00e3o da Guarda Municipal e Pol\u00edcia Militar.<\/div>\n","protected":false},"excerpt":{"rendered":"<p>A R\u00e1dio Liberdade promoveu na manh\u00e3 desta ter\u00e7a-feira (18) o \u00fanico debate do interior com candidatos ao Governo de Pernambuco.&hellip;<\/p>\n","protected":false},"author":1,"featured_media":0,"comment_status":"open","ping_status":"open","sticky":false,"template":"","format":"standard","meta":{"footnotes":""},"categories":[1],"tags":[2,1241,20],"class_list":["post-1281","post","type-post","status-publish","format-standard","hentry","category-sem-categoria","tag-blog-do-edvaldo-magalhaes","tag-candidatos-debatem-pernambuco-na-radio-liberdade-com-democracia","tag-politica"],"_links":{"self":[{"href":"https:\/\/blogdoedvaldomagalhaes.com.br\/index.php\/wp-json\/wp\/v2\/posts\/1281","targetHints":{"allow":["GET"]}}],"collection":[{"href":"https:\/\/blogdoedvaldomagalhaes.com.br\/index.php\/wp-json\/wp\/v2\/posts"}],"about":[{"href":"https:\/\/blogdoedvaldomagalhaes.com.br\/index.php\/wp-json\/wp\/v2\/types\/post"}],"author":[{"embeddable":true,"href":"https:\/\/blogdoedvaldomagalhaes.com.br\/index.php\/wp-json\/wp\/v2\/users\/1"}],"replies":[{"embeddable":true,"href":"https:\/\/blogdoedvaldomagalhaes.com.br\/index.php\/wp-json\/wp\/v2\/comments?post=1281"}],"version-history":[{"count":1,"href":"https:\/\/blogdoedvaldomagalhaes.com.br\/index.php\/wp-json\/wp\/v2\/posts\/1281\/revisions"}],"predecessor-version":[{"id":34148,"href":"https:\/\/blogdoedvaldomagalhaes.com.br\/index.php\/wp-json\/wp\/v2\/posts\/1281\/revisions\/34148"}],"wp:attachment":[{"href":"https:\/\/blogdoedvaldomagalhaes.com.br\/index.php\/wp-json\/wp\/v2\/media?parent=1281"}],"wp:term":[{"taxonomy":"category","embeddable":true,"href":"https:\/\/blogdoedvaldomagalhaes.com.br\/index.php\/wp-json\/wp\/v2\/categories?post=1281"},{"taxonomy":"post_tag","embeddable":true,"href":"https:\/\/blogdoedvaldomagalhaes.com.br\/index.php\/wp-json\/wp\/v2\/tags?post=1281"}],"curies":[{"name":"wp","href":"https:\/\/api.w.org\/{rel}","templated":true}]}}