{"id":1280,"date":"2018-09-18T22:04:00","date_gmt":"2018-09-19T01:04:00","guid":{"rendered":"http:\/\/blogdoedvaldomagalhaes.com.br\/index.php\/2018\/09\/18\/sesc-caruaru-com-programacao-gratuita\/"},"modified":"2019-02-09T02:31:22","modified_gmt":"2019-02-09T04:31:22","slug":"sesc-caruaru-com-programacao-gratuita","status":"publish","type":"post","link":"https:\/\/blogdoedvaldomagalhaes.com.br\/index.php\/2018\/09\/18\/sesc-caruaru-com-programacao-gratuita\/","title":{"rendered":"Sesc Caruaru com programa\u00e7\u00e3o gratuita de cinema"},"content":{"rendered":"<div class=\"separator\" style=\"clear: both; text-align: center;\">\n<a href=\"https:\/\/1.bp.blogspot.com\/-c09_UjATo9A\/W6F2XGSD9oI\/AAAAAAAA6Is\/aomfBafO_UgGULN3NOgTYy0ENMLeS4CiwCLcBGAs\/s1600\/sesc.JPEG\" imageanchor=\"1\" style=\"margin-left: 1em; margin-right: 1em;\"><img loading=\"lazy\" decoding=\"async\" border=\"0\" data-original-height=\"1600\" data-original-width=\"1600\" height=\"640\" src=\"http:\/\/blogdoedvaldomagalhaes.com.br\/wp-content\/uploads\/2018\/09\/sesc.jpeg\" width=\"640\" \/><\/a><\/div>\n<div style=\"text-align: justify;\">\n<\/div>\n<div style=\"text-align: justify;\">\nNesta quarta-feira (19) o Sesc Caruaru abre suas portas para mais uma edi\u00e7\u00e3o do Cine Sesc. Desta vez, estar\u00e3o em cartaz a anima\u00e7\u00e3o francesa \u201cAbril e o Mundo Extraordin\u00e1rio\u201d, que ser\u00e1 exibida em dois momentos: \u00e0s 9h30 e 15h, e o drama brasileiro \u201cPara\u00edsos artificiais\u201d, com sess\u00e3o \u00fanica \u00e0s 19h30. A programa\u00e7\u00e3o \u00e9 gratuita.<\/div>\n<div style=\"text-align: justify;\">\n<\/div>\n<div style=\"text-align: justify;\">\nAbril e o Mundo Extraordin\u00e1rio (Avril et le Monde Truqu\u00e9), dirigido por Christian Desmares e FranckEkinci, tem classifica\u00e7\u00e3o livre. Vivido em 1941, sob o reino de Napole\u00e3o V, na Fran\u00e7a, h\u00e1 70 anos, cientistas somem misteriosamente. O longa conta a hist\u00f3ria da jovem Abril, que sai \u00e0 procura de seus pais, cientistas desaparecidos, com as companhias de Darwin, seu gato falante, e Julius, um jovem que mora nas ruas.<\/div>\n<div style=\"text-align: justify;\">\n<\/div>\n<div style=\"text-align: justify;\">\nCom dire\u00e7\u00e3o de Marcos Prado, \u201cPara\u00edsos Artificiais\u201d \u00e9 indicado para o p\u00fablico com mais de 16 anos. O longa conta a hist\u00f3ria de Erika (Nathalia Dill). Ela \u00e9 uma DJ e tem forte amizade com Lara (L\u00edvia Bueno). Elas conheceram Nando (Luca Bianchi) em um festival onde Erika trabalhava e, juntos, vivem momentos marcantes. No entanto, o trio logo se separa. Anos depois Erika e Nando se reencontram em Amsterd\u00e3 e se apaixonam, por\u00e9m apenas Erika lembra do verdadeiro motivo pelo qual eles se afastaram momentos ap\u00f3s se conhecerem.<\/div>\n<div style=\"text-align: justify;\">\n<\/div>\n","protected":false},"excerpt":{"rendered":"<p>Nesta quarta-feira (19) o Sesc Caruaru abre suas portas para mais uma edi\u00e7\u00e3o do Cine Sesc. Desta vez, estar\u00e3o em&hellip;<\/p>\n","protected":false},"author":1,"featured_media":0,"comment_status":"open","ping_status":"open","sticky":false,"template":"","format":"standard","meta":{"footnotes":""},"categories":[1],"tags":[2,6,1240],"class_list":["post-1280","post","type-post","status-publish","format-standard","hentry","category-sem-categoria","tag-blog-do-edvaldo-magalhaes","tag-noticias","tag-sesc-caruaru-com-programacao-gratuita-de-cinema"],"_links":{"self":[{"href":"https:\/\/blogdoedvaldomagalhaes.com.br\/index.php\/wp-json\/wp\/v2\/posts\/1280","targetHints":{"allow":["GET"]}}],"collection":[{"href":"https:\/\/blogdoedvaldomagalhaes.com.br\/index.php\/wp-json\/wp\/v2\/posts"}],"about":[{"href":"https:\/\/blogdoedvaldomagalhaes.com.br\/index.php\/wp-json\/wp\/v2\/types\/post"}],"author":[{"embeddable":true,"href":"https:\/\/blogdoedvaldomagalhaes.com.br\/index.php\/wp-json\/wp\/v2\/users\/1"}],"replies":[{"embeddable":true,"href":"https:\/\/blogdoedvaldomagalhaes.com.br\/index.php\/wp-json\/wp\/v2\/comments?post=1280"}],"version-history":[{"count":1,"href":"https:\/\/blogdoedvaldomagalhaes.com.br\/index.php\/wp-json\/wp\/v2\/posts\/1280\/revisions"}],"predecessor-version":[{"id":34150,"href":"https:\/\/blogdoedvaldomagalhaes.com.br\/index.php\/wp-json\/wp\/v2\/posts\/1280\/revisions\/34150"}],"wp:attachment":[{"href":"https:\/\/blogdoedvaldomagalhaes.com.br\/index.php\/wp-json\/wp\/v2\/media?parent=1280"}],"wp:term":[{"taxonomy":"category","embeddable":true,"href":"https:\/\/blogdoedvaldomagalhaes.com.br\/index.php\/wp-json\/wp\/v2\/categories?post=1280"},{"taxonomy":"post_tag","embeddable":true,"href":"https:\/\/blogdoedvaldomagalhaes.com.br\/index.php\/wp-json\/wp\/v2\/tags?post=1280"}],"curies":[{"name":"wp","href":"https:\/\/api.w.org\/{rel}","templated":true}]}}