{"id":1278,"date":"2018-09-18T22:46:00","date_gmt":"2018-09-19T01:46:00","guid":{"rendered":"http:\/\/blogdoedvaldomagalhaes.com.br\/index.php\/2018\/09\/18\/aeroporto-de-caruaru-e-interditado-pela\/"},"modified":"2019-02-09T02:31:22","modified_gmt":"2019-02-09T04:31:22","slug":"aeroporto-de-caruaru-e-interditado-pela","status":"publish","type":"post","link":"https:\/\/blogdoedvaldomagalhaes.com.br\/index.php\/2018\/09\/18\/aeroporto-de-caruaru-e-interditado-pela\/","title":{"rendered":"Aeroporto de Caruaru \u00e9 interditado pela ANAC"},"content":{"rendered":"<div class=\"separator\" style=\"clear: both; text-align: center;\">\n<a href=\"https:\/\/3.bp.blogspot.com\/-T0vcgwDYTWk\/W6GABuI1trI\/AAAAAAAA6JE\/hzZoglQb5YUEpAbQGG2J_mFV8Gitl1egQCLcBGAs\/s1600\/foto.jpg\" imageanchor=\"1\" style=\"margin-left: 1em; margin-right: 1em;\"><img loading=\"lazy\" decoding=\"async\" border=\"0\" data-original-height=\"362\" data-original-width=\"500\" height=\"462\" src=\"http:\/\/blogdoedvaldomagalhaes.com.br\/wp-content\/uploads\/2018\/09\/foto-2.jpg\" width=\"640\" \/><\/a><\/div>\n<div class=\"separator\" style=\"clear: both; text-align: center;\">\nFoto: Rafael Lima<\/div>\n<p><\/p>\n<div style=\"background-color: white; box-sizing: border-box; line-height: 24px; margin-bottom: 10px; text-align: justify;\">\nA Ag\u00eancia Nacional de Avia\u00e7\u00e3o Civil (ANAC) interditou o Aeroporto Oscar Laranjeira, em Caruaru. A decis\u00e3o determina que sejam proibidas opera\u00e7\u00f5es de pouso de aeronaves e asa fixa na pista de pouso e decolagem.<\/div>\n<div style=\"background-color: white; box-sizing: border-box; line-height: 24px; margin-bottom: 10px; text-align: justify;\">\nDurante inspe\u00e7\u00e3o foram identificadas irregularidades como as condi\u00e7\u00f5es das barreiras de seguran\u00e7a e a falta de avisos alertando quanto \u00e0 restri\u00e7\u00e3o de acesso. Tamb\u00e9m foram encontrados problemas na vigil\u00e2ncia permanente do per\u00edmetro e da \u00e1rea operacional, al\u00e9m do acesso de pessoas n\u00e3o autorizadas, animais soltos e ind\u00edcios de acesso de animais de grande porte na \u00e1rea operacional.<\/div>\n<div style=\"background-color: white; box-sizing: border-box; line-height: 24px; margin-bottom: 10px; text-align: justify;\">\nA Secretaria de Transportes de Pernambuco informou que j\u00e1 est\u00e1 atuando junto a ANAC com o intuito de solucionar o problema o mais r\u00e1pido poss\u00edvel. Informa, ainda, que a decis\u00e3o tem car\u00e1ter provis\u00f3rio, sem prazo determinado, e ser\u00e1 mantida at\u00e9 que o operador do local demonstre cumprimento das condi\u00e7\u00f5es esclarecidas para reabertura do aeroporto.<\/div>\n<div style=\"background-color: white; box-sizing: border-box; line-height: 24px; margin-bottom: 10px; text-align: justify;\">\nFonte: R\u00e1dio Liberdade.<\/div>\n","protected":false},"excerpt":{"rendered":"<p>Foto: Rafael Lima A Ag\u00eancia Nacional de Avia\u00e7\u00e3o Civil (ANAC) interditou o Aeroporto Oscar Laranjeira, em Caruaru. A decis\u00e3o determina&hellip;<\/p>\n","protected":false},"author":1,"featured_media":0,"comment_status":"open","ping_status":"open","sticky":false,"template":"","format":"standard","meta":{"footnotes":""},"categories":[1],"tags":[1238,2,6],"class_list":["post-1278","post","type-post","status-publish","format-standard","hentry","category-sem-categoria","tag-aeroporto-de-caruaru-e-interditado-pela-anac","tag-blog-do-edvaldo-magalhaes","tag-noticias"],"_links":{"self":[{"href":"https:\/\/blogdoedvaldomagalhaes.com.br\/index.php\/wp-json\/wp\/v2\/posts\/1278","targetHints":{"allow":["GET"]}}],"collection":[{"href":"https:\/\/blogdoedvaldomagalhaes.com.br\/index.php\/wp-json\/wp\/v2\/posts"}],"about":[{"href":"https:\/\/blogdoedvaldomagalhaes.com.br\/index.php\/wp-json\/wp\/v2\/types\/post"}],"author":[{"embeddable":true,"href":"https:\/\/blogdoedvaldomagalhaes.com.br\/index.php\/wp-json\/wp\/v2\/users\/1"}],"replies":[{"embeddable":true,"href":"https:\/\/blogdoedvaldomagalhaes.com.br\/index.php\/wp-json\/wp\/v2\/comments?post=1278"}],"version-history":[{"count":1,"href":"https:\/\/blogdoedvaldomagalhaes.com.br\/index.php\/wp-json\/wp\/v2\/posts\/1278\/revisions"}],"predecessor-version":[{"id":34154,"href":"https:\/\/blogdoedvaldomagalhaes.com.br\/index.php\/wp-json\/wp\/v2\/posts\/1278\/revisions\/34154"}],"wp:attachment":[{"href":"https:\/\/blogdoedvaldomagalhaes.com.br\/index.php\/wp-json\/wp\/v2\/media?parent=1278"}],"wp:term":[{"taxonomy":"category","embeddable":true,"href":"https:\/\/blogdoedvaldomagalhaes.com.br\/index.php\/wp-json\/wp\/v2\/categories?post=1278"},{"taxonomy":"post_tag","embeddable":true,"href":"https:\/\/blogdoedvaldomagalhaes.com.br\/index.php\/wp-json\/wp\/v2\/tags?post=1278"}],"curies":[{"name":"wp","href":"https:\/\/api.w.org\/{rel}","templated":true}]}}