{"id":127798,"date":"2026-03-17T14:52:31","date_gmt":"2026-03-17T17:52:31","guid":{"rendered":"https:\/\/blogdoedvaldomagalhaes.com.br\/?p=127798"},"modified":"2026-03-17T20:33:54","modified_gmt":"2026-03-17T23:33:54","slug":"no-recife-governadora-raquel-lyra-comanda-aula-inaugural-do-curso-de-qualificacao-em-politicas-publicas-para-as-mulheres","status":"publish","type":"post","link":"https:\/\/blogdoedvaldomagalhaes.com.br\/index.php\/2026\/03\/17\/no-recife-governadora-raquel-lyra-comanda-aula-inaugural-do-curso-de-qualificacao-em-politicas-publicas-para-as-mulheres\/","title":{"rendered":"No Recife, governadora Raquel Lyra comanda aula inaugural do Curso de Qualifica\u00e7\u00e3o em Pol\u00edticas P\u00fablicas para as Mulheres"},"content":{"rendered":"<p>Fortalecendo pol\u00edticas p\u00fablicas voltadas \u00e0s mulheres, a governadora Raquel Lyra comandou, nesta ter\u00e7a-feira (17), na sede da Secretria da Mulher de Pernambuco (SecMulher), no Bairro do Recife, aula inaugural do Curso de Qualifica\u00e7\u00e3o em Pol\u00edticas P\u00fablicas para as Mulheres. A forma\u00e7\u00e3o \u00e9 resultado de conv\u00eanio firmado entre a SecMulher e a Universidade de Pernambuco (UPE), com objetivo de fortalecer a atua\u00e7\u00e3o das gestoras municipais respons\u00e1veis pela implementa\u00e7\u00e3o de pol\u00edticas p\u00fablicas voltadas \u00e0s mulheres em Pernambuco. A iniciativa \u00e9 direcionada \u00e0s secret\u00e1rias e coordenadoras municipais que atuam nos Organismos de Pol\u00edticas para as Mulheres (OMPM) em todo o Estado.<\/p>\n<p>\u201cPrecisamos trabalhar para ter mais equidade e justi\u00e7a para as mulheres. Com este curso, al\u00e9m da troca de conhecimento, estamos fortalecendo a rede de prote\u00e7\u00e3o das mulheres em Pernambuco, tornando nosso Estado mais seguro. Quando cuidamos de uma mulher, cuidamos de toda a sociedade. Essa forma\u00e7\u00e3o \u00e9 fundamental para atingir esses objetivos, qualificando as servidoras municipais para que elas estejam aptas a entender e replicar boas pr\u00e1ticas de pol\u00edticas p\u00fablicas para as mulheres. Com essa qualifica\u00e7\u00e3o, estamos plantando um legado positivo para o futuro do Estado\u201d, enfatizou a governadora Raquel Lyra.<\/p>\n<p>Presente no encontro, a vice-governadora Priscila Krause disse que a abertura da forma\u00e7\u00e3o \u00e9 um dia hist\u00f3rico. \u201cO curso representa uma qualifica\u00e7\u00e3o necess\u00e1ria. Estamos entregando conhecimento especializado, no qual as servidoras municipais podem fazer aplica\u00e7\u00e3o direta no cotidiano. Al\u00e9m disso, estamos trabalhando com os munic\u00edpios em regime de colabora\u00e7\u00e3o com o Estado nas pol\u00edticas p\u00fablicas para as mulheres na ponta. \u00c9 necess\u00e1rio que essa forma\u00e7\u00e3o se torne pol\u00edtica de Estado\u201d, disse a gestora.<\/p>\n<p>O curso tem dura\u00e7\u00e3o de dois meses, divididos em 10 encontros, de forma descentralizada no Recife, Caruaru e Serra Talhada. A partir de 22 de mar\u00e7o, t\u00eam in\u00edcio as turmas da Regi\u00e3o Metropolitana e Zona da Mata e, nos pr\u00f3ximos meses, ter\u00e3o in\u00edcio as turmas do Agreste e Sert\u00e3o. De acordo com a secret\u00e1ria da Mulher, Juliana Gouveia, ao final do curso, cada gestora ir\u00e1 desenvolver um projeto que ser\u00e1 implantado em cada munic\u00edpio.<\/p>\n<p>&#8220;O Governo do Estado tem fortalecido os organismos de pol\u00edtica para mulher em todo o Estado. Esse curso \u00e9 a materializa\u00e7\u00e3o dessa pol\u00edtica p\u00fablica, entendendo tamb\u00e9m os desafios e conhecendo a rede de enfrentamento \u00e0 viol\u00eancia contra a mulher. Cada disciplina foi pensada para ofertar a possibilidade de fortalecer essa pol\u00edtica que \u00e9 implementada na ponta em cada munic\u00edpio\u201d, explicou a titular da pasta.<\/p>\n<p>O objetivo da qualifica\u00e7\u00e3o \u00e9 ampliar a compreens\u00e3o te\u00f3rica e pr\u00e1tica das participantes sobre estrat\u00e9gias, programas e a\u00e7\u00f5es institucionais voltadas \u00e0 promo\u00e7\u00e3o da igualdade de g\u00eanero e ao fortalecimento dos direitos das mulheres, contribuindo para a qualifica\u00e7\u00e3o da gest\u00e3o p\u00fablica nos munic\u00edpios.<\/p>\n<p>A aula inaugural marcou o in\u00edcio das atividades acad\u00eamicas e representou um momento de integra\u00e7\u00e3o entre as institui\u00e7\u00f5es parceiras, a equipe docente e as gestoras municipais selecionadas para a forma\u00e7\u00e3o. A reitora da UPE, Socorro Cavalcanti, enfatizou a for\u00e7a da parceria. \u201cSabemos da import\u00e2ncia que \u00e9 ter mulheres capacitadas nas secretarias municipais para que, de fato, elas possam buscar mais recursos e que esses fomentos cheguem em todos os territ\u00f3rios pernambucanos. A UPE, enquanto universidade p\u00fablica, alia o conhecimento da academia \u00e0s necessidades do cotidiano\u201d, disse.<\/p>\n<p>A iniciativa refor\u00e7a a articula\u00e7\u00e3o entre Governo e a Universidade na qualifica\u00e7\u00e3o das pol\u00edticas p\u00fablicas e no fortalecimento das capacidades institucionais dos munic\u00edpios pernambucanos. A servidora Erc\u00edlia Merc\u00eas que trabalha na secret\u00e1ria da Mulher de Alian\u00e7a, na Mata Norte, como assessora Jur\u00eddica de Assist\u00eancia \u00e0 Mulher, falou da import\u00e2ncia da qualifica\u00e7\u00e3o para o atendimento no cotidiano e sua carreira. &#8220;A qualifica\u00e7\u00e3o nos oferece a oportunidade de ampliar pol\u00edticas p\u00fablicas para as mulheres que atendemos todos os dias. Para que todas as mulheres se fortale\u00e7am, conhe\u00e7am seus direitos e se tornem independentes, livres e fortes\u201d, pontuou a funcion\u00e1ria p\u00fablica.<\/p>\n<p>A deputada estadual e l\u00edder do Governo na Assembleia Legislativa (Alepe), Socorro Pimentel disse que \u201cn\u00e3o existe melhor ativo que o conhecimento. Essa iniciativa permite que essas gestoras se qualifiquem e possam atuar em todos os territ\u00f3rios de Pernambuco. Vemos na atual gest\u00e3o uma verdadeira transforma\u00e7\u00e3o nas pol\u00edticas p\u00fablicas voltadas para as mulheres\u201d, disse a parlamentar.<br \/>\nSiga o Instagram @portaledvaldomagalhaes<br \/>\nFotos: Jana\u00edna Pepeu\/Secom<\/p>\n","protected":false},"excerpt":{"rendered":"<p>Fortalecendo pol\u00edticas p\u00fablicas voltadas \u00e0s mulheres, a governadora Raquel Lyra comandou, nesta ter\u00e7a-feira (17), na sede da Secretria da Mulher&hellip;<\/p>\n","protected":false},"author":1,"featured_media":127801,"comment_status":"closed","ping_status":"open","sticky":false,"template":"","format":"standard","meta":{"footnotes":""},"categories":[14122],"tags":[13146,20,34634],"class_list":["post-127798","post","type-post","status-publish","format-standard","has-post-thumbnail","hentry","category-politica","tag-blog-edvaldo-magalhaes","tag-politica","tag-portal-edvaldo-magalhaes"],"_links":{"self":[{"href":"https:\/\/blogdoedvaldomagalhaes.com.br\/index.php\/wp-json\/wp\/v2\/posts\/127798","targetHints":{"allow":["GET"]}}],"collection":[{"href":"https:\/\/blogdoedvaldomagalhaes.com.br\/index.php\/wp-json\/wp\/v2\/posts"}],"about":[{"href":"https:\/\/blogdoedvaldomagalhaes.com.br\/index.php\/wp-json\/wp\/v2\/types\/post"}],"author":[{"embeddable":true,"href":"https:\/\/blogdoedvaldomagalhaes.com.br\/index.php\/wp-json\/wp\/v2\/users\/1"}],"replies":[{"embeddable":true,"href":"https:\/\/blogdoedvaldomagalhaes.com.br\/index.php\/wp-json\/wp\/v2\/comments?post=127798"}],"version-history":[{"count":2,"href":"https:\/\/blogdoedvaldomagalhaes.com.br\/index.php\/wp-json\/wp\/v2\/posts\/127798\/revisions"}],"predecessor-version":[{"id":127802,"href":"https:\/\/blogdoedvaldomagalhaes.com.br\/index.php\/wp-json\/wp\/v2\/posts\/127798\/revisions\/127802"}],"wp:featuredmedia":[{"embeddable":true,"href":"https:\/\/blogdoedvaldomagalhaes.com.br\/index.php\/wp-json\/wp\/v2\/media\/127801"}],"wp:attachment":[{"href":"https:\/\/blogdoedvaldomagalhaes.com.br\/index.php\/wp-json\/wp\/v2\/media?parent=127798"}],"wp:term":[{"taxonomy":"category","embeddable":true,"href":"https:\/\/blogdoedvaldomagalhaes.com.br\/index.php\/wp-json\/wp\/v2\/categories?post=127798"},{"taxonomy":"post_tag","embeddable":true,"href":"https:\/\/blogdoedvaldomagalhaes.com.br\/index.php\/wp-json\/wp\/v2\/tags?post=127798"}],"curies":[{"name":"wp","href":"https:\/\/api.w.org\/{rel}","templated":true}]}}