{"id":127795,"date":"2026-03-17T13:05:28","date_gmt":"2026-03-17T16:05:28","guid":{"rendered":"https:\/\/blogdoedvaldomagalhaes.com.br\/?p=127795"},"modified":"2026-03-17T13:05:28","modified_gmt":"2026-03-17T16:05:28","slug":"neoenergia-pernambuco-intensifica-acoes-de-manutencao-e-melhorias-em-caruaru","status":"publish","type":"post","link":"https:\/\/blogdoedvaldomagalhaes.com.br\/index.php\/2026\/03\/17\/neoenergia-pernambuco-intensifica-acoes-de-manutencao-e-melhorias-em-caruaru\/","title":{"rendered":"Neoenergia Pernambuco intensifica a\u00e7\u00f5es de manuten\u00e7\u00e3o e melhorias em Caruaru"},"content":{"rendered":"<p>Neoenergia Pernambuco intensifica a\u00e7\u00f5es de manuten\u00e7\u00e3o e melhorias em Caruaru<br \/>\n_Distribuidora refor\u00e7a poda de \u00e1rvores, corre\u00e7\u00e3o de defeitos estruturais e substitui\u00e7\u00f5es de equipamentos para garantir maior confiabilidade no fornecimento de energia no munic\u00edpio_<\/p>\n<p>Caruaru, 16 de mar\u00e7o de 2026 \u2013 A Neoenergia Pernambuco segue ampliando suas a\u00e7\u00f5es de manuten\u00e7\u00e3o e melhorias na rede el\u00e9trica de Caruaru, com foco na seguran\u00e7a, continuidade e qualidade do fornecimento de energia para os moradores da cidade.<\/p>\n<p>Desde o in\u00edcio do ano, j\u00e1 foram realizadas 1,8 mil podas de \u00e1rvores pr\u00f3ximas \u00e0 rede el\u00e9trica, al\u00e9m de 117 corre\u00e7\u00f5es de defeitos estruturais. Para mar\u00e7o, est\u00e3o programadas 1,6 mil podas e 146 corre\u00e7\u00f5es estruturais, refor\u00e7ando o compromisso da distribuidora com a preven\u00e7\u00e3o de ocorr\u00eancias e a redu\u00e7\u00e3o de riscos.<\/p>\n<p>A companhia tamb\u00e9m promoveu a substitui\u00e7\u00e3o de 13 transformadores, garantindo maior capacidade e confiabilidade no atendimento \u00e0s demandas locais.<\/p>\n<p>Entre as obras de melhoria, destaca-se a recondutagem de m\u00e9dia tens\u00e3o para readequa\u00e7\u00e3o de carga nos bairros Vassoural e Nossa Senhora das Dores, incluindo o tradicional P\u00e1tio do Forr\u00f3. Essa interven\u00e7\u00e3o \u00e9 considerada estrat\u00e9gica para assegurar o fornecimento de energia em \u00e1reas de grande relev\u00e2ncia social e cultural do munic\u00edpio.<\/p>\n<p>\u201cNosso objetivo \u00e9 atuar de forma preventiva e cont\u00ednua, garantindo que a popula\u00e7\u00e3o de Caruaru tenha acesso a um fornecimento de energia cada vez mais seguro e eficiente. As a\u00e7\u00f5es de poda, corre\u00e7\u00e3o de defeitos e substitui\u00e7\u00e3o de equipamentos, somadas \u00e0s obras de melhoria, refletem o compromisso da Neoenergia Pernambuco com o desenvolvimento da cidade e o bem-estar dos seus moradores\u201d, afirma Luiz Paulo, gerente operacional da Neoenergia Pernambuco.<\/p>\n<p>Com essas iniciativas, a Neoenergia Pernambuco refor\u00e7a sua presen\u00e7a em Caruaru e contribui para o crescimento sustent\u00e1vel da regi\u00e3o, assegurando energia de qualidade para resid\u00eancias, com\u00e9rcio, ind\u00fastrias e eventos culturais que movimentam a economia local.<br \/>\nSiga o Instagram @portaledvaldomagalhaes<br \/>\nFoto: Divulga\u00e7\u00e3o <\/p>\n","protected":false},"excerpt":{"rendered":"<p>Neoenergia Pernambuco intensifica a\u00e7\u00f5es de manuten\u00e7\u00e3o e melhorias em Caruaru _Distribuidora refor\u00e7a poda de \u00e1rvores, corre\u00e7\u00e3o de defeitos estruturais e&hellip;<\/p>\n","protected":false},"author":1,"featured_media":127796,"comment_status":"closed","ping_status":"open","sticky":false,"template":"","format":"standard","meta":{"footnotes":""},"categories":[14120],"tags":[13146,36154,34634],"class_list":["post-127795","post","type-post","status-publish","format-standard","has-post-thumbnail","hentry","category-noticias","tag-blog-edvaldo-magalhaes","tag-neoenergia-pernambuco-intensifica-acoes-de-manutencao-e-melhorias-em-caruaru","tag-portal-edvaldo-magalhaes"],"_links":{"self":[{"href":"https:\/\/blogdoedvaldomagalhaes.com.br\/index.php\/wp-json\/wp\/v2\/posts\/127795","targetHints":{"allow":["GET"]}}],"collection":[{"href":"https:\/\/blogdoedvaldomagalhaes.com.br\/index.php\/wp-json\/wp\/v2\/posts"}],"about":[{"href":"https:\/\/blogdoedvaldomagalhaes.com.br\/index.php\/wp-json\/wp\/v2\/types\/post"}],"author":[{"embeddable":true,"href":"https:\/\/blogdoedvaldomagalhaes.com.br\/index.php\/wp-json\/wp\/v2\/users\/1"}],"replies":[{"embeddable":true,"href":"https:\/\/blogdoedvaldomagalhaes.com.br\/index.php\/wp-json\/wp\/v2\/comments?post=127795"}],"version-history":[{"count":1,"href":"https:\/\/blogdoedvaldomagalhaes.com.br\/index.php\/wp-json\/wp\/v2\/posts\/127795\/revisions"}],"predecessor-version":[{"id":127797,"href":"https:\/\/blogdoedvaldomagalhaes.com.br\/index.php\/wp-json\/wp\/v2\/posts\/127795\/revisions\/127797"}],"wp:featuredmedia":[{"embeddable":true,"href":"https:\/\/blogdoedvaldomagalhaes.com.br\/index.php\/wp-json\/wp\/v2\/media\/127796"}],"wp:attachment":[{"href":"https:\/\/blogdoedvaldomagalhaes.com.br\/index.php\/wp-json\/wp\/v2\/media?parent=127795"}],"wp:term":[{"taxonomy":"category","embeddable":true,"href":"https:\/\/blogdoedvaldomagalhaes.com.br\/index.php\/wp-json\/wp\/v2\/categories?post=127795"},{"taxonomy":"post_tag","embeddable":true,"href":"https:\/\/blogdoedvaldomagalhaes.com.br\/index.php\/wp-json\/wp\/v2\/tags?post=127795"}],"curies":[{"name":"wp","href":"https:\/\/api.w.org\/{rel}","templated":true}]}}