{"id":127792,"date":"2026-03-17T12:47:48","date_gmt":"2026-03-17T15:47:48","guid":{"rendered":"https:\/\/blogdoedvaldomagalhaes.com.br\/?p=127792"},"modified":"2026-03-17T12:47:48","modified_gmt":"2026-03-17T15:47:48","slug":"idoso-e-detido-por-crime-previsto-na-lei-maria-da-penha","status":"publish","type":"post","link":"https:\/\/blogdoedvaldomagalhaes.com.br\/index.php\/2026\/03\/17\/idoso-e-detido-por-crime-previsto-na-lei-maria-da-penha\/","title":{"rendered":"Idoso \u00e9 detido por crime previsto na Lei Maria da Penha"},"content":{"rendered":"<p>Um idoso, de 66 anos, foi detido pela Pol\u00edcia Rodovi\u00e1ria Federal (PRF), por crime previsto na Lei Maria da Penha. O caso aconteceu na segunda-feira (16.03), na BR 101, em \u00c1gua Preta, na Zona da Mata Sul de Pernambuco. <\/p>\n<p>Durante a abordagem a um ve\u00edculo de luxo, a equipe consultou a documenta\u00e7\u00e3o do motorista e descobriu um mandado de pris\u00e3o em aberto com validade at\u00e9 mar\u00e7o de 2038. O documento havia sido expedido h\u00e1 tr\u00eas dias pelo 2\u2070 Juizado de Viol\u00eancia Dom\u00e9stica e Familiar contra a Mulher da Capital, do Tribunal de Justi\u00e7a de Alagoas.<\/p>\n<p>O motorista alegou que a queixa havia sido prestada por uma ex-namorada que tentou aplicar um golpe nele. Ap\u00f3s essa tentativa de golpe, ele disse que destruiu a reforma da casa que havia dado a ela. A partir disso, a mulher pediu uma medida protetiva.<\/p>\n<p>O idoso foi encaminhado \u00e0 Delegacia de Pol\u00edcia Civil de Palmares, para ser apresentado \u00e0 justi\u00e7a.<br \/>\nSiga o Instagram @portaledvaldomagalhaes<br \/>\nFoto: Divulga\u00e7\u00e3o\/PRF<\/p>\n","protected":false},"excerpt":{"rendered":"<p>Um idoso, de 66 anos, foi detido pela Pol\u00edcia Rodovi\u00e1ria Federal (PRF), por crime previsto na Lei Maria da Penha.&hellip;<\/p>\n","protected":false},"author":1,"featured_media":127793,"comment_status":"closed","ping_status":"open","sticky":false,"template":"","format":"standard","meta":{"footnotes":""},"categories":[14121],"tags":[13146,36153,34634],"class_list":["post-127792","post","type-post","status-publish","format-standard","has-post-thumbnail","hentry","category-policial","tag-blog-edvaldo-magalhaes","tag-idoso-e-detido-por-crime-previsto-na-lei-maria-da-penha-em-agua-preta","tag-portal-edvaldo-magalhaes"],"_links":{"self":[{"href":"https:\/\/blogdoedvaldomagalhaes.com.br\/index.php\/wp-json\/wp\/v2\/posts\/127792","targetHints":{"allow":["GET"]}}],"collection":[{"href":"https:\/\/blogdoedvaldomagalhaes.com.br\/index.php\/wp-json\/wp\/v2\/posts"}],"about":[{"href":"https:\/\/blogdoedvaldomagalhaes.com.br\/index.php\/wp-json\/wp\/v2\/types\/post"}],"author":[{"embeddable":true,"href":"https:\/\/blogdoedvaldomagalhaes.com.br\/index.php\/wp-json\/wp\/v2\/users\/1"}],"replies":[{"embeddable":true,"href":"https:\/\/blogdoedvaldomagalhaes.com.br\/index.php\/wp-json\/wp\/v2\/comments?post=127792"}],"version-history":[{"count":1,"href":"https:\/\/blogdoedvaldomagalhaes.com.br\/index.php\/wp-json\/wp\/v2\/posts\/127792\/revisions"}],"predecessor-version":[{"id":127794,"href":"https:\/\/blogdoedvaldomagalhaes.com.br\/index.php\/wp-json\/wp\/v2\/posts\/127792\/revisions\/127794"}],"wp:featuredmedia":[{"embeddable":true,"href":"https:\/\/blogdoedvaldomagalhaes.com.br\/index.php\/wp-json\/wp\/v2\/media\/127793"}],"wp:attachment":[{"href":"https:\/\/blogdoedvaldomagalhaes.com.br\/index.php\/wp-json\/wp\/v2\/media?parent=127792"}],"wp:term":[{"taxonomy":"category","embeddable":true,"href":"https:\/\/blogdoedvaldomagalhaes.com.br\/index.php\/wp-json\/wp\/v2\/categories?post=127792"},{"taxonomy":"post_tag","embeddable":true,"href":"https:\/\/blogdoedvaldomagalhaes.com.br\/index.php\/wp-json\/wp\/v2\/tags?post=127792"}],"curies":[{"name":"wp","href":"https:\/\/api.w.org\/{rel}","templated":true}]}}