{"id":127789,"date":"2026-03-17T12:40:52","date_gmt":"2026-03-17T15:40:52","guid":{"rendered":"https:\/\/blogdoedvaldomagalhaes.com.br\/?p=127789"},"modified":"2026-03-17T12:40:52","modified_gmt":"2026-03-17T15:40:52","slug":"suspeito-de-aplicar-golpes-na-venda-de-imoveis-em-pernambuco-e-na-paraiba-e-detido","status":"publish","type":"post","link":"https:\/\/blogdoedvaldomagalhaes.com.br\/index.php\/2026\/03\/17\/suspeito-de-aplicar-golpes-na-venda-de-imoveis-em-pernambuco-e-na-paraiba-e-detido\/","title":{"rendered":"Suspeito de aplicar golpes na venda de im\u00f3veis em Pernambuco e na Para\u00edba \u00e9 detido"},"content":{"rendered":"<p>Um homem, de 40 anos, que era procurado pelo crime de associa\u00e7\u00e3o criminosa foi detido na noite de segunda-feira (16), pela Pol\u00edcia Rodovi\u00e1ria Federal (PRF), em Afr\u00e2nio, no Sert\u00e3o pernambucano O foragido era passageiro de um caminh\u00e3o e tentou enganar os policiais ao informar o nome errado durante a fiscaliza\u00e7\u00e3o.<\/p>\n<p>Ao abordar um caminh\u00e3o com tr\u00eas ocupantes, a equipe da PRF consultou a documenta\u00e7\u00e3o do motorista e de um passageiro, mas o outro passageiro disse que n\u00e3o portava documentos nem aparelho celular. O homem informou um nome incorreto aos policiais, que realizaram consultas at\u00e9 localizar a identidade verdadeira dele.<\/p>\n<p>Ap\u00f3s a consulta, foi descoberto um mandado de pris\u00e3o expedido pela Vara de Execu\u00e7\u00e3o Penal da Capital no dia 24 de outubro de 2025. Posteriormente, a equipe tamb\u00e9m descobriu que o homem \u00e9 suspeito de aplicar golpes na venda de im\u00f3veis em Pernambuco e na Para\u00edba. O golpe consistia em alugar im\u00f3veis e se passar pelo propriet\u00e1rio real, para vender a terceiros de boa f\u00e9.<\/p>\n<p>O homem disse que havia sido preso por tentativa de estelionato, mas que passou poucos dias preso. Ele foi encaminhado \u00e0 Delegacia de Pol\u00edcia Civil de Afr\u00e2nio, para o cumprimento do mandado de pris\u00e3o e apresenta\u00e7\u00e3o \u00e0 justi\u00e7a.<br \/>\nSiga o Instagram @portaledvaldomagalhaes<br \/>\nFoto: Divulga\u00e7\u00e3o\/PRF<\/p>\n","protected":false},"excerpt":{"rendered":"<p>Um homem, de 40 anos, que era procurado pelo crime de associa\u00e7\u00e3o criminosa foi detido na noite de segunda-feira (16),&hellip;<\/p>\n","protected":false},"author":1,"featured_media":127790,"comment_status":"closed","ping_status":"open","sticky":false,"template":"","format":"standard","meta":{"footnotes":""},"categories":[14121],"tags":[13146,34634,36152],"class_list":["post-127789","post","type-post","status-publish","format-standard","has-post-thumbnail","hentry","category-policial","tag-blog-edvaldo-magalhaes","tag-portal-edvaldo-magalhaes","tag-suspeito-de-aplicar-golpes-na-venda-de-imoveis-em-pernambuco-e-na-paraiba-e-detido"],"_links":{"self":[{"href":"https:\/\/blogdoedvaldomagalhaes.com.br\/index.php\/wp-json\/wp\/v2\/posts\/127789","targetHints":{"allow":["GET"]}}],"collection":[{"href":"https:\/\/blogdoedvaldomagalhaes.com.br\/index.php\/wp-json\/wp\/v2\/posts"}],"about":[{"href":"https:\/\/blogdoedvaldomagalhaes.com.br\/index.php\/wp-json\/wp\/v2\/types\/post"}],"author":[{"embeddable":true,"href":"https:\/\/blogdoedvaldomagalhaes.com.br\/index.php\/wp-json\/wp\/v2\/users\/1"}],"replies":[{"embeddable":true,"href":"https:\/\/blogdoedvaldomagalhaes.com.br\/index.php\/wp-json\/wp\/v2\/comments?post=127789"}],"version-history":[{"count":1,"href":"https:\/\/blogdoedvaldomagalhaes.com.br\/index.php\/wp-json\/wp\/v2\/posts\/127789\/revisions"}],"predecessor-version":[{"id":127791,"href":"https:\/\/blogdoedvaldomagalhaes.com.br\/index.php\/wp-json\/wp\/v2\/posts\/127789\/revisions\/127791"}],"wp:featuredmedia":[{"embeddable":true,"href":"https:\/\/blogdoedvaldomagalhaes.com.br\/index.php\/wp-json\/wp\/v2\/media\/127790"}],"wp:attachment":[{"href":"https:\/\/blogdoedvaldomagalhaes.com.br\/index.php\/wp-json\/wp\/v2\/media?parent=127789"}],"wp:term":[{"taxonomy":"category","embeddable":true,"href":"https:\/\/blogdoedvaldomagalhaes.com.br\/index.php\/wp-json\/wp\/v2\/categories?post=127789"},{"taxonomy":"post_tag","embeddable":true,"href":"https:\/\/blogdoedvaldomagalhaes.com.br\/index.php\/wp-json\/wp\/v2\/tags?post=127789"}],"curies":[{"name":"wp","href":"https:\/\/api.w.org\/{rel}","templated":true}]}}