{"id":127786,"date":"2026-03-17T12:29:51","date_gmt":"2026-03-17T15:29:51","guid":{"rendered":"https:\/\/blogdoedvaldomagalhaes.com.br\/?p=127786"},"modified":"2026-03-17T13:34:35","modified_gmt":"2026-03-17T16:34:35","slug":"startup-day-movimenta-o-agreste-neste-sabado-21-com-polos-em-caruaru-e-garanhuns-para-transformar-ideias-inovadoras-em-negocios","status":"publish","type":"post","link":"https:\/\/blogdoedvaldomagalhaes.com.br\/index.php\/2026\/03\/17\/startup-day-movimenta-o-agreste-neste-sabado-21-com-polos-em-caruaru-e-garanhuns-para-transformar-ideias-inovadoras-em-negocios\/","title":{"rendered":"Startup Day movimenta o Agreste neste s\u00e1bado (21) com polos em Caruaru e Garanhuns, para transformar ideias inovadoras em neg\u00f3cios"},"content":{"rendered":"<p>Inova\u00e7\u00e3o, tecnologia e empreendedorismo estar\u00e3o em foco no Agreste pernambucano no Startup Day, neste s\u00e1bado (21.03), nos polos de Caruaru e de Garanhuns. A programa\u00e7\u00e3o conta com palestras, oficinas, workshops, pitches, experi\u00eancias imersivas, debates, exposi\u00e7\u00e3o de startups e muito networking. <\/p>\n<p>Evento nacional, o Startup Day \u00e9 realizado pelo Sebrae Startups, em co-cria\u00e7\u00e3o com ecossistemas de inova\u00e7\u00e3o e parceiros locais. Em Pernambuco, vai acontecer em 12 cidades, abrangendo todas as regi\u00f5es, e a expectativa \u00e9 reunir mais de 3,5 mil pessoas. As inscri\u00e7\u00f5es s\u00e3o gratuitas e podem ser feitas no link: http:\/\/sympla.com.br\/evento\/startup-day-pernambuco-2026\/3274850<\/p>\n<p>*CARUARU*<\/p>\n<p>Na Capital do Agreste, o evento ser\u00e1 realizado no Porto Digital &#8211; Armaz\u00e9m da Criatividade, com programa\u00e7\u00e3o das 9h \u00e0s 17h. O ponto alto da agenda ser\u00e1 a palestra master com Ian Freitas Rochlin, \u00e0s 16h, que vai abordar o tema \u201cDe uma comunidade global de games ao Shark Tank\u201d. Ele \u00e9 um dos idealizadores e atual fundador da GameJam+, competi\u00e7\u00e3o de cria\u00e7\u00e3o de jogos que conecta milhares de pessoas em mais de 50 pa\u00edses. <\/p>\n<p>\u201cEm Caruaru, a expectativa \u00e9 unir todo o ecossistema de inova\u00e7\u00e3o e tamb\u00e9m empresas tradicionais, com o prop\u00f3sito de trabalhar tend\u00eancias, inova\u00e7\u00f5es e tecnologias do futuro. V\u00e1rios parceiros estar\u00e3o conosco, com ativa\u00e7\u00f5es espec\u00edficas e incentivando esse comportamento de inova\u00e7\u00e3o. Vai ser um evento cheio de atividades, mas principalmente focado na experi\u00eancia do p\u00fablico\u201d, diz Fernando Lima, gestor de Projetos no Sebrae\/PE.<\/p>\n<p>A programa\u00e7\u00e3o ter\u00e1 in\u00edcio \u00e0s 10h, com a palestra \u201cTempo, dinheiro e aten\u00e7\u00e3o: acelere seus resultados financeiros dominando os tr\u00eas recursos mais escassos do mundo\u201d, ministrada por Guilherme Junqueira, s\u00f3cio da Link School of Business, reconhecida como a melhor universidade de empreendedorismo brasileira. <\/p>\n<p>Logo depois, o painel \u201cAgreste em transforma\u00e7\u00e3o &#8211; inova\u00e7\u00e3o, desafios e oportunidades\u201d ter\u00e1 a presen\u00e7a de Teresa Maciel (Secret\u00e1ria executiva da SECT), Pamela Dias (Gestora do Porto Digital Caruaru), Mendon\u00e7a Filho (Deputado federal), Jaime Anselmo (Secret\u00e1rio da SEDETEC &#8211; Caruaru), Luverson Ferreira (Empres\u00e1rio e conselheiro da Acic) e Dilson Cavalcanti (Diretor do Campus Agreste da UFPE).<\/p>\n<p>J\u00e1 \u00e0s 14h, ser\u00e1 o painel \u201cMobilidade do futuro: energia, IA e ve\u00edculos inteligentes no Brasil\u201d, com a participa\u00e7\u00e3o de Jo\u00e3o Moizes (Voxar Labs), Artur Bezerra (EPTAR), Ant\u00f4nio Almeida (Uninassau), Jakson Carvalho (Acic) e Bruno Brasil (Senai). Ap\u00f3s a palestra master, acontece o painel II Jornada INOVE IA, com apresenta\u00e7\u00e3o dos pitchs dos squads finalistas do projeto. <\/p>\n<p>*GARANHUNS*<br \/>\n                                                                                                                                                                                                   Em Garanhuns, o evento ser\u00e1 realizado na sede do Sebrae, com programa\u00e7\u00e3o das 8h30 \u00e0s 18h. Entre os destaques est\u00e1 a palestra de Guilherme Junqueira, que encerra o evento \u00e0s 17h, com o tema \u201cFuturo do trabalho: o futuro que j\u00e1 chegou na sua empresa (e voc\u00ea nem viu)\u201d.<br \/>\nOutro atrativo da programa\u00e7\u00e3o ser\u00e1 a arena de mentoria, com atendimentos sobre modelo de neg\u00f3cio, estrat\u00e9gia de crescimento, credenciamento Sebrae e contabilidade. \u201cEste espa\u00e7o \u00e9 para quem tem uma ideia sobre um neg\u00f3cio ou para quem j\u00e1 tem um neg\u00f3cio e deseja tirar d\u00favidas\u201d, pontua Ana Paula Santos, gestora de Projetos no Sebrae\/PE.<br \/>\n                                                                                                                                                                                                   Em Garanhuns, o evento inicia \u00e0s 9h10, com a palestra \u201cComo transformar cidades pensando em gente\u201d, assunto que ser\u00e1 debatido por Silvio Vital (Porto Digital). \u00c0s 10h, ser\u00e1 realizado um painel para debater sobre \u201cGaranhuns como territ\u00f3rio de inova\u00e7\u00e3o: o papel do poder p\u00fablico no fortalecimento das startups\u201d. Os participantes do debate s\u00e3o Alexandre Marinho (Prefeitura de Garanhuns), Obionor N\u00f3brega (Secretaria de Ci\u00eancia, Tecnologia e Inova\u00e7\u00e3o de Pernambuco &#8211; SECTI\/PE). A media\u00e7\u00e3o ser\u00e1 feita por Cei\u00e7a Moraes (Sebrae\/PE).<br \/>\n                                                                                                                                                                                                   Em seguida, Tati Fukamati vai falar sobre \u201cComo startups podem pensar comunidades para seus neg\u00f3cios\u201d. Tati \u00e9 neurocientista e atua como consultora e facilitadora em programas de desenho e gest\u00e3o de comunidades, ativa\u00e7\u00e3o de cultura organizacional e desenvolvimento de compet\u00eancias sociais. A \u00faltima palestra da manh\u00e3 ser\u00e1 sobre \u201cIdeias que viram neg\u00f3cio: o papel do Hubine no cr\u00e9dito e no ecossistema de inova\u00e7\u00e3o\u201d, com Ana Paula Machado (BNB).<br \/>\n                                                                                                                                                                                                      \u00c0 tarde, a programa\u00e7\u00e3o recome\u00e7a \u00e0s 13h30 com o painel \u201cLan\u00e7amento do planejamento da governan\u00e7a do Agreste Meridional de Pernambuco\u201d, com a participa\u00e7\u00e3o de representantes de diversas entidades locais e media\u00e7\u00e3o de Ana Paula Santos (Sebrae\/PE). Logo ap\u00f3s, haver\u00e1 um Demoday Turismo com apresenta\u00e7\u00e3o de pitchs do Hackathon Turismo. Das 16h \u00e0s 17h, Zeca Branco (Empresa SAUTER) ministra palestra sobre \u201cVendas e Intelig\u00eancia Artificial\u201d.<br \/>\nSiga o Instagram @portaledvaldomagalhaes<br \/>\nFoto: Divulga\u00e7\u00e3o <\/p>\n","protected":false},"excerpt":{"rendered":"<p>Inova\u00e7\u00e3o, tecnologia e empreendedorismo estar\u00e3o em foco no Agreste pernambucano no Startup Day, neste s\u00e1bado (21.03), nos polos de Caruaru&hellip;<\/p>\n","protected":false},"author":1,"featured_media":127787,"comment_status":"closed","ping_status":"open","sticky":false,"template":"","format":"standard","meta":{"footnotes":""},"categories":[14120],"tags":[13146,34634,36151],"class_list":["post-127786","post","type-post","status-publish","format-standard","has-post-thumbnail","hentry","category-noticias","tag-blog-edvaldo-magalhaes","tag-portal-edvaldo-magalhaes","tag-startup-day-movimenta-o-agreste-neste-sabado-21-com-polos-em-caruaru-e-garanhuns"],"_links":{"self":[{"href":"https:\/\/blogdoedvaldomagalhaes.com.br\/index.php\/wp-json\/wp\/v2\/posts\/127786","targetHints":{"allow":["GET"]}}],"collection":[{"href":"https:\/\/blogdoedvaldomagalhaes.com.br\/index.php\/wp-json\/wp\/v2\/posts"}],"about":[{"href":"https:\/\/blogdoedvaldomagalhaes.com.br\/index.php\/wp-json\/wp\/v2\/types\/post"}],"author":[{"embeddable":true,"href":"https:\/\/blogdoedvaldomagalhaes.com.br\/index.php\/wp-json\/wp\/v2\/users\/1"}],"replies":[{"embeddable":true,"href":"https:\/\/blogdoedvaldomagalhaes.com.br\/index.php\/wp-json\/wp\/v2\/comments?post=127786"}],"version-history":[{"count":1,"href":"https:\/\/blogdoedvaldomagalhaes.com.br\/index.php\/wp-json\/wp\/v2\/posts\/127786\/revisions"}],"predecessor-version":[{"id":127788,"href":"https:\/\/blogdoedvaldomagalhaes.com.br\/index.php\/wp-json\/wp\/v2\/posts\/127786\/revisions\/127788"}],"wp:featuredmedia":[{"embeddable":true,"href":"https:\/\/blogdoedvaldomagalhaes.com.br\/index.php\/wp-json\/wp\/v2\/media\/127787"}],"wp:attachment":[{"href":"https:\/\/blogdoedvaldomagalhaes.com.br\/index.php\/wp-json\/wp\/v2\/media?parent=127786"}],"wp:term":[{"taxonomy":"category","embeddable":true,"href":"https:\/\/blogdoedvaldomagalhaes.com.br\/index.php\/wp-json\/wp\/v2\/categories?post=127786"},{"taxonomy":"post_tag","embeddable":true,"href":"https:\/\/blogdoedvaldomagalhaes.com.br\/index.php\/wp-json\/wp\/v2\/tags?post=127786"}],"curies":[{"name":"wp","href":"https:\/\/api.w.org\/{rel}","templated":true}]}}