{"id":127783,"date":"2026-03-17T10:19:26","date_gmt":"2026-03-17T13:19:26","guid":{"rendered":"https:\/\/blogdoedvaldomagalhaes.com.br\/?p=127783"},"modified":"2026-03-17T13:34:00","modified_gmt":"2026-03-17T16:34:00","slug":"curta-taquary-esta-promovendo-atividades-em-varias-cidades-do-agreste-de-pernambuco-nesta-semana-confira","status":"publish","type":"post","link":"https:\/\/blogdoedvaldomagalhaes.com.br\/index.php\/2026\/03\/17\/curta-taquary-esta-promovendo-atividades-em-varias-cidades-do-agreste-de-pernambuco-nesta-semana-confira\/","title":{"rendered":"Curta Taquary est\u00e1 promovendo atividades em v\u00e1rias cidades do Agreste de Pernambuco nesta semana; Confira"},"content":{"rendered":"<p>O 19\u00ba Curta Taquary movimenta o Agreste com v\u00e1rias atividades de cultura, arte-educa\u00e7\u00e3o e conscientiza\u00e7\u00e3o ambiental. As a\u00e7\u00f5es come\u00e7aram segunda (16), em Po\u00e7\u00e3o, e seguem at\u00e9 o dia 22 de mar\u00e7o, com encerramento em Taquaritinga do Norte, onde o festival nasceu. Desta vez, as dez mostras competitivas que integram o programa do Curta Taquary, reunindo mais de 60 filmes de todas as regi\u00f5es do Brasil, v\u00e3o acontecer no Cine Aur\u00e9lio, em Toritama, que \u00e9 um dos poucos cinemas de rua em funcionamento na regi\u00e3o. As sess\u00f5es de cinema acontecer\u00e3o nos dias 18 e 20 e s\u00e3o gratuitas.<\/p>\n<p>A programa\u00e7\u00e3o do 19\u00ba Curta Taquary ser\u00e1 movimentada ao longo da semana. Na ter\u00e7a (17), as atividades acontecem em Santa Cruz do Capibaribe, com o projeto do caminh\u00e3o educativo Compesa na Estrada e a exposi\u00e7\u00e3o do viveiro de mudas nativas, no Parque Florestal Fernando Silvestre da Silva. A cidade tamb\u00e9m recebe uma oficina de horta vertical com garrafas PET. <\/p>\n<p>No dia 18 de mar\u00e7o, o festival segue para Toritama. No Espa\u00e7o da Juventude, acontecem v\u00e1rias a\u00e7\u00f5es educativas. Nos dias 18, 19 e 20, a programa\u00e7\u00e3o come\u00e7a \u00e0s 8h, nesta ordem: roda de conversa com temas socioambientais e jogo de ch\u00e3o e exposi\u00e7\u00e3o de viveiro itinerante com mudas da Mata Atl\u00e2ntica e da Caatinga; e, \u00e0s 9h, oficina de horta vertical com garrafa PET. \u00c0s 10h, o p\u00fablico pode participar da oficina de tie dye.<\/p>\n<p>No Cine Aur\u00e9lio, as sess\u00f5es acontecem tamb\u00e9m nos dias 18, 19 e 20 de mar\u00e7o e come\u00e7am sempre \u00e0s 8h, seguindo ao longo do dia, exibindo filmes das dez mostras competitivas do festival. S\u00e3o elas: Mostra Criancine, Curtas Fant\u00e1sticos, D\u00e1lia da Serra, Pernambuco, Brasil, Primeiros Passos, Universit\u00e1ria, Diversidade, Agreste e Por Um Mundo Melhor. Todas as sess\u00f5es s\u00e3o gratuitas. A programa\u00e7\u00e3o completa dos filmes pode ser conferida no site do Curta Taquary.<\/p>\n<p>Em 21 de mar\u00e7o (s\u00e1bado), o festival segue para Taquaritinga do Norte. No Viveiro Municipal de Mudas Florestais, a programa\u00e7\u00e3o come\u00e7a \u00e0s 7h, com roda de conversa e plantio de mudas nativas em afluente do Rio Capibaribe. \u00c0s 9h, no coreto localizado no centro da cidade, acontece jogo ambiental de ch\u00e3o e brincadeiras com sorteio e brindes.<\/p>\n<p>\u00c0s 13h, na C\u00e2mara dos Vereadores, haver\u00e1 a etapa municipal da Confer\u00eancia Nacional ODS, com o tema \u201cA Agenda 2030 e os Objetivos de Desenvolvimento Sustent\u00e1vel em sua Territorialidade\u201d. O dia segue com uma visita guiada ao Cine Teatro Santo Amaro, com o Coletivo CineRuaPE, \u00e0s 16h.<\/p>\n<p>Na Pra\u00e7a Padre Otto Sailer, \u00e0s 13h, acontece a culmin\u00e2ncia do concurso de v\u00eddeos Rio de Imagens, com apresenta\u00e7\u00e3o do Coral D\u00e1lias da Serra, que recebe o cantor Geraldo Maia. Haver\u00e1 entrega dos certificados das escolas participantes e premia\u00e7\u00e3o dos j\u00faris popular e t\u00e9cnico, al\u00e9m da exibi\u00e7\u00e3o dos filmes premiados<\/p>\n<p>No domingo (22), encerrando o festival, haver\u00e1 jogo ambiental de ch\u00e3o e brincadeiras no coreto de Taquaritinga do Norte, \u00e0s 16h, e, \u00e0s 18h, \u00a0a cerim\u00f4nia de premia\u00e7\u00e3o do 19\u00ba Curta Taquary ser\u00e1 transmitida no canal do festival no YouTube e na TVPE.<br \/>\n\u00a0<br \/>\nOs curta-metragens premiados nas dez mostras competitivas do 19\u00ba Curta Taquary ser\u00e3o conhecidos em cerim\u00f4nia de premia\u00e7\u00e3o que ser\u00e1 transmitida on-line no dia 22, encerrando o festival (22). A transmiss\u00e3o ser\u00e1 pelo canal do Curta Taquary no YouTube (@curtataquaryaudiovisual) e tamb\u00e9m pela TVPE, \u00e0s 18h.<\/p>\n<p>As a\u00e7\u00f5es de educa\u00e7\u00e3o ambiental do 19\u00ba Curta Taquary ocorrem em parceria com a Compesa \u2013 Companhia Pernambucana de Saneamento, que h\u00e1 quatro edi\u00e7\u00f5es planta uma muda a cada filme inscrito no festival. Nos \u00faltimos anos, o Curta Taquary e a Compesa j\u00e1 plantaram 3 mil mudas em escolas, pra\u00e7as p\u00fablicas, assentamentos, \u00e1reas degradadas e regi\u00f5es pr\u00f3ximas ao rio Capibaribe. Neste ano, ser\u00e3o mais 967, n\u00famero que corresponde \u00e0 quantidade de filmes inscritos para esta 19\u00aa edi\u00e7\u00e3o, que \u00e9 realizada pela Taquary Filmes junto com a T\u00e1 Bonito Pra Chover Produ\u00e7\u00f5es, via Lei Aldir Blanc PNAB do Munic\u00edpio de Taquaritinga do Norte.<\/p>\n<p>Neste ano, o Curta Taquary tem apoio cultural do Cine Rua PE, Compesa, Gr\u00e1fica Fonseca, Mistika, Movimento Nacional ODS Pernambuco, Paje\u00fa Filmes e TVPE. S\u00e3o parceiras: Prefeitura Municipal de Po\u00e7\u00e3o, Prefeitura Municipal de Jata\u00faba, Prefeitura Municipal de Santa Cruz do Capibaribe, Prefeitura Municipal de Brejo da Madre de Deus, Prefeitura Municipal de Toritama, Prefeitura Municipal de Taquaritinga do Norte e Secretaria de Meio Ambiente, Sustentabilidade e Fernando de Noronha, do Governo do Estado.<\/p>\n<p>A programa\u00e7\u00e3o completa do 19\u00ba Curta Taquary pode ser acessada pelo site www.curtataquary.org\u00a0e pelo Instagram @curtataquary.<br \/>\nSiga o Instagram @portaledvaldomagalhaes<br \/>\nFoto: Divulga\u00e7\u00e3o <\/p>\n","protected":false},"excerpt":{"rendered":"<p>O 19\u00ba Curta Taquary movimenta o Agreste com v\u00e1rias atividades de cultura, arte-educa\u00e7\u00e3o e conscientiza\u00e7\u00e3o ambiental. As a\u00e7\u00f5es come\u00e7aram segunda&hellip;<\/p>\n","protected":false},"author":1,"featured_media":127784,"comment_status":"closed","ping_status":"open","sticky":false,"template":"","format":"standard","meta":{"footnotes":""},"categories":[14120],"tags":[13146,36150,34634],"class_list":["post-127783","post","type-post","status-publish","format-standard","has-post-thumbnail","hentry","category-noticias","tag-blog-edvaldo-magalhaes","tag-curta-taquary-esta-promovendo-atividades-em-varias-cidades-do-agreste-de-pernambuco-nesta-semana-confira","tag-portal-edvaldo-magalhaes"],"_links":{"self":[{"href":"https:\/\/blogdoedvaldomagalhaes.com.br\/index.php\/wp-json\/wp\/v2\/posts\/127783","targetHints":{"allow":["GET"]}}],"collection":[{"href":"https:\/\/blogdoedvaldomagalhaes.com.br\/index.php\/wp-json\/wp\/v2\/posts"}],"about":[{"href":"https:\/\/blogdoedvaldomagalhaes.com.br\/index.php\/wp-json\/wp\/v2\/types\/post"}],"author":[{"embeddable":true,"href":"https:\/\/blogdoedvaldomagalhaes.com.br\/index.php\/wp-json\/wp\/v2\/users\/1"}],"replies":[{"embeddable":true,"href":"https:\/\/blogdoedvaldomagalhaes.com.br\/index.php\/wp-json\/wp\/v2\/comments?post=127783"}],"version-history":[{"count":1,"href":"https:\/\/blogdoedvaldomagalhaes.com.br\/index.php\/wp-json\/wp\/v2\/posts\/127783\/revisions"}],"predecessor-version":[{"id":127785,"href":"https:\/\/blogdoedvaldomagalhaes.com.br\/index.php\/wp-json\/wp\/v2\/posts\/127783\/revisions\/127785"}],"wp:featuredmedia":[{"embeddable":true,"href":"https:\/\/blogdoedvaldomagalhaes.com.br\/index.php\/wp-json\/wp\/v2\/media\/127784"}],"wp:attachment":[{"href":"https:\/\/blogdoedvaldomagalhaes.com.br\/index.php\/wp-json\/wp\/v2\/media?parent=127783"}],"wp:term":[{"taxonomy":"category","embeddable":true,"href":"https:\/\/blogdoedvaldomagalhaes.com.br\/index.php\/wp-json\/wp\/v2\/categories?post=127783"},{"taxonomy":"post_tag","embeddable":true,"href":"https:\/\/blogdoedvaldomagalhaes.com.br\/index.php\/wp-json\/wp\/v2\/tags?post=127783"}],"curies":[{"name":"wp","href":"https:\/\/api.w.org\/{rel}","templated":true}]}}