{"id":127780,"date":"2026-03-16T22:41:16","date_gmt":"2026-03-17T01:41:16","guid":{"rendered":"https:\/\/blogdoedvaldomagalhaes.com.br\/?p=127780"},"modified":"2026-03-16T22:41:16","modified_gmt":"2026-03-17T01:41:16","slug":"em-vitoria-de-santo-antao-governadora-raquel-lyra-entrega-700-titulos-de-propriedade-e-anuncia-ampliacao-do-abastecimento-de-agua-e-construcao-de-creche","status":"publish","type":"post","link":"https:\/\/blogdoedvaldomagalhaes.com.br\/index.php\/2026\/03\/16\/em-vitoria-de-santo-antao-governadora-raquel-lyra-entrega-700-titulos-de-propriedade-e-anuncia-ampliacao-do-abastecimento-de-agua-e-construcao-de-creche\/","title":{"rendered":"Em Vit\u00f3ria de Santo Ant\u00e3o, governadora Raquel Lyra entrega 700 t\u00edtulos de propriedade e anuncia amplia\u00e7\u00e3o do abastecimento de \u00e1gua e constru\u00e7\u00e3o de creche"},"content":{"rendered":"<p>A governadora Raquel Lyra deu mais um passo para levar \u00e1gua \u00e0s torneiras dos pernambucanos. Desta vez, quem mora no distrito de Pirituba, em Vit\u00f3ria de Santo Ant\u00e3o, vai ser beneficiado, j\u00e1 que nesta segunda-feira (16.03), a gestora assinou uma ordem de servi\u00e7o para a implanta\u00e7\u00e3o de um novo sistema de abastecimento, com investimento de cerca de R$ 7 milh\u00f5es, marcando o in\u00edcio das obras que beneficiar\u00e3o aproximadamente 4,2 mil habitantes. Al\u00e9m disso, foram entregues 700 t\u00edtulos de propriedade \u00e0s fam\u00edlias do Loteamento Concei\u00e7\u00e3o e assinada uma ordem de servi\u00e7o para a constru\u00e7\u00e3o de uma creche na cidade. A vice-governadora Priscila Krause acompanhou a agenda.<\/p>\n<p>\u201cChegamos a Vit\u00f3ria de Santo Ant\u00e3o j\u00e1 entregando \u00f4nibus escolares para nossos alunos e escrituras para fam\u00edlias, reconhecendo o direito de quem comprou um terreno e construiu sua casa com o suor do trabalho, mas que nunca havia sido enxergado pelo Governo de Pernambuco. Tamb\u00e9m assinamos a ordem de servi\u00e7o para a constru\u00e7\u00e3o de uma creche, que garante \u00e0s m\u00e3es um lugar seguro para deixar seus filhos enquanto trabalham, com direito a cinco refei\u00e7\u00f5es por dia. Al\u00e9m disso, autorizamos a implanta\u00e7\u00e3o de um novo sistema de abastecimento de \u00e1gua para levar \u00e1gua \u00e0s torneiras dos moradores de Pirituba\u201d, discursou a governadora Raquel Lyra.<\/p>\n<p>Com expectativa de conclus\u00e3o at\u00e9 mar\u00e7o do pr\u00f3ximo ano, a obra estrat\u00e9gica inclui a implanta\u00e7\u00e3o de uma esta\u00e7\u00e3o elevat\u00f3ria de \u00e1gua tratada, o assentamento de cerca de 8,3 quil\u00f4metros de adutora e a reativa\u00e7\u00e3o de uma Esta\u00e7\u00e3o Elevat\u00f3ria de \u00c1gua. \u201cVit\u00f3ria de Santo Ant\u00e3o tem recebido investimentos importantes na \u00e1rea de abastecimento de \u00e1gua, que \u00e9 uma das grandes prioridades do Governo do Estado. O munic\u00edpio est\u00e1 sendo contemplado, assim como diversas regi\u00f5es de Pernambuco. S\u00e3o obras estruturantes, projetos que durante muito tempo ficaram apenas no papel e que agora est\u00e3o saindo e se tornando realidade\u201d, explicou o presidente da Compesa, Douglas N\u00f3brega.<\/p>\n<p>A governadora entregou ainda 700 t\u00edtulos de propriedade, com investimento superior a R$ 3 milh\u00f5es em a\u00e7\u00f5es de regulariza\u00e7\u00e3o fundi\u00e1ria e melhorias habitacionais no munic\u00edpio de Vit\u00f3ria de Santo Ant\u00e3o. A a\u00e7\u00e3o integra a modalidade de Regulariza\u00e7\u00e3o Fundi\u00e1ria do Morar Bem PE, em parceria com o programa federal Periferia Viva: Regulariza\u00e7\u00e3o Fundi\u00e1ria e Melhoria Habitacional (RegMel). A assinatura dos contratos aconteceu durante cerim\u00f4nia na cidade. Com a iniciativa, moradores passar\u00e3o a ter o t\u00edtulo de propriedade de seus im\u00f3veis, garantindo seguran\u00e7a jur\u00eddica. Al\u00e9m disso, 140 dessas fam\u00edlias receber\u00e3o at\u00e9 R$ 22 mil para reformas em suas resid\u00eancias.<\/p>\n<p>\u201cIniciamos mais um passo importante na regulariza\u00e7\u00e3o fundi\u00e1ria por meio do programa Morar Bem PE, com a assinatura de contratos que v\u00e3o permitir que 700 fam\u00edlias, que j\u00e1 moram em suas casas muitas vezes h\u00e1 d\u00e9cadas, finalmente recebam o t\u00edtulo de propriedade, garantindo seguran\u00e7a jur\u00eddica e dignidade. S\u00f3 quem mora em uma casa que n\u00e3o tem escritura sabe a import\u00e2ncia e a seguran\u00e7a de um documento\u201d, disse a secret\u00e1ria de Desenvolvimento Urbano e Habita\u00e7\u00e3o, Simone Nunes.<\/p>\n<p>Dayana Dourado, moradora do Loteamento Concei\u00e7\u00e3o, expressou a felicidade em receber a escritura de sua casa. \u201c\u00c9 um motivo de muita alegria. Agora podemos dizer que a casa \u00e9 nossa. Meu cora\u00e7\u00e3o est\u00e1 cheio de gratid\u00e3o\u201d.<\/p>\n<p>Acompanhando a agenda, o deputado estadual Aglailson Victor agradeceu pela prontid\u00e3o da gest\u00e3o em resolver as pend\u00eancias da popula\u00e7\u00e3o. \u201cDevemos trabalhar juntos na busca de solu\u00e7\u00f5es para as necessidades do nosso povo. A falta de \u00e1gua \u00e9 uma preocupa\u00e7\u00e3o, mas o Governo do Estado tem demonstrado sensibilidade e compromisso em encontrar uma solu\u00e7\u00e3o em breve&#8221;, destacou.<\/p>\n<p>O deputado estadual Joaquim Lira destacou os importantes investimentos na cidade. \u201cVemos as melhorias e realiza\u00e7\u00f5es, como o abastecimento de \u00e1gua, chegando na cidade. Ao longo do dia visitamos v\u00e1rias obras que o Governo do Estado anunciou e assim vamos avan\u00e7ando cada vez mais\u201d, explicou. <\/p>\n<p>\u201cOs investimentos est\u00e3o sempre chegando para ajudar o nosso povo. Aqui em Vit\u00f3ria, foram autorizadas obras em \u00e1reas estruturantes na \u00e1rea de educa\u00e7\u00e3o, recursos h\u00eddricos e regulariza\u00e7\u00e3o fundi\u00e1ria&#8221;, disse o deputado estadual Henrique Queiroz Filho.<\/p>\n<p>*EDUCA\u00c7\u00c3O*\u2013 Ainda em Vit\u00f3ria de Santo Ant\u00e3o, a chefe do Executivo estadual assinou a ordem de servi\u00e7o para a constru\u00e7\u00e3o de um novo Centro de Educa\u00e7\u00e3o Infantil (CEI). Com investimento de R$ 5,2 milh\u00f5es, a creche ter\u00e1 dez salas de aula e capacidade para atender at\u00e9 350 crian\u00e7as, com uma estrutura completa voltada ao acolhimento infantil e ao apoio \u00e0s fam\u00edlias. A unidade ser\u00e1 entregue em seis meses. Na mesma ocasi\u00e3o, o munic\u00edpio tamb\u00e9m recebeu seis novos \u00f4nibus escolares, com investimento de R$ 2,3 milh\u00f5es, para refor\u00e7ar o transporte de estudantes e garantir mais conforto e seguran\u00e7a no deslocamento.<\/p>\n<p>Estiveram na agenda o senador Fernando Dueire; o secret\u00e1rio de Defesa Social, Alessandro Carvalho; o Comandante-Geral do Corpo de Bombeiros Militar, Francisco Cantarelli; o Delegado-Geral da Pol\u00edcia Civil, Felipe Monteiro e o Gerente-Geral da Pol\u00edcia Cient\u00edfica, Wagner Bezerra. Tamb\u00e9m acompanharam a agenda os prefeitos Jaime Lima (Gl\u00f3ria do Goit\u00e1), Joel C\u00e2ndido (Feira Nova), Orlando Jorge (Limoeiro), Sandro Advogado (Ch\u00e3 Grande), J\u00fanior de Beto (Palmares), F\u00e1tima Borba (Cort\u00eas), Elias Meu Fi (Pombos), Miruca (\u00c1gua Preta), Jogli Uch\u00f4a (Ara\u00e7oiaba), Biu Abreu (Orob\u00f3), Patrick Moraes (Itaquitinga), Cl\u00e9ber Chaparral e Juliana Chaparral (Casinhas). Representando o prefeito de Vit\u00f3ria de Santo Ant\u00e3o, tamb\u00e9m esteve na agenda o secret\u00e1rio de Defesa Social e Seguran\u00e7a P\u00fablica do municipio, D\u00e9cio Canuto Filho.<br \/>\nSiga o Instagram @portaledvaldomagalhaes<br \/>\nFotos: Hes\u00edodo G\u00f3es\/Secom<\/p>\n","protected":false},"excerpt":{"rendered":"<p>A governadora Raquel Lyra deu mais um passo para levar \u00e1gua \u00e0s torneiras dos pernambucanos. Desta vez, quem mora no&hellip;<\/p>\n","protected":false},"author":1,"featured_media":127781,"comment_status":"closed","ping_status":"open","sticky":false,"template":"","format":"standard","meta":{"footnotes":""},"categories":[14122],"tags":[13146,36148,36149,20,34634],"class_list":["post-127780","post","type-post","status-publish","format-standard","has-post-thumbnail","hentry","category-politica","tag-blog-edvaldo-magalhaes","tag-em-vitoria-de-santo-antao","tag-governadora-raquel-lyra-entrega-700-titulos-de-propriedade-e-anuncia-ampliacao-do-abastecimento-de-agua-e-construcao-de-creche","tag-politica","tag-portal-edvaldo-magalhaes"],"_links":{"self":[{"href":"https:\/\/blogdoedvaldomagalhaes.com.br\/index.php\/wp-json\/wp\/v2\/posts\/127780","targetHints":{"allow":["GET"]}}],"collection":[{"href":"https:\/\/blogdoedvaldomagalhaes.com.br\/index.php\/wp-json\/wp\/v2\/posts"}],"about":[{"href":"https:\/\/blogdoedvaldomagalhaes.com.br\/index.php\/wp-json\/wp\/v2\/types\/post"}],"author":[{"embeddable":true,"href":"https:\/\/blogdoedvaldomagalhaes.com.br\/index.php\/wp-json\/wp\/v2\/users\/1"}],"replies":[{"embeddable":true,"href":"https:\/\/blogdoedvaldomagalhaes.com.br\/index.php\/wp-json\/wp\/v2\/comments?post=127780"}],"version-history":[{"count":1,"href":"https:\/\/blogdoedvaldomagalhaes.com.br\/index.php\/wp-json\/wp\/v2\/posts\/127780\/revisions"}],"predecessor-version":[{"id":127782,"href":"https:\/\/blogdoedvaldomagalhaes.com.br\/index.php\/wp-json\/wp\/v2\/posts\/127780\/revisions\/127782"}],"wp:featuredmedia":[{"embeddable":true,"href":"https:\/\/blogdoedvaldomagalhaes.com.br\/index.php\/wp-json\/wp\/v2\/media\/127781"}],"wp:attachment":[{"href":"https:\/\/blogdoedvaldomagalhaes.com.br\/index.php\/wp-json\/wp\/v2\/media?parent=127780"}],"wp:term":[{"taxonomy":"category","embeddable":true,"href":"https:\/\/blogdoedvaldomagalhaes.com.br\/index.php\/wp-json\/wp\/v2\/categories?post=127780"},{"taxonomy":"post_tag","embeddable":true,"href":"https:\/\/blogdoedvaldomagalhaes.com.br\/index.php\/wp-json\/wp\/v2\/tags?post=127780"}],"curies":[{"name":"wp","href":"https:\/\/api.w.org\/{rel}","templated":true}]}}