{"id":127777,"date":"2026-03-16T20:10:20","date_gmt":"2026-03-16T23:10:20","guid":{"rendered":"https:\/\/blogdoedvaldomagalhaes.com.br\/?p=127777"},"modified":"2026-03-16T20:10:20","modified_gmt":"2026-03-16T23:10:20","slug":"carreta-da-mulher-esta-em-caruaru-e-outros-tres-municipios-pernambucanos-nesta-semana","status":"publish","type":"post","link":"https:\/\/blogdoedvaldomagalhaes.com.br\/index.php\/2026\/03\/16\/carreta-da-mulher-esta-em-caruaru-e-outros-tres-municipios-pernambucanos-nesta-semana\/","title":{"rendered":"Carreta da Mulher est\u00e1 em Caruaru e outros tr\u00eas munic\u00edpios pernambucanos nesta semana"},"content":{"rendered":"<p>A Carreta da Mulher Pernambucana, coordenada pela Secretaria Estadual de Sa\u00fade de Pernambuco (SES-PE), estar\u00e1 nesta semana, entre os dias 16 e 21 de mar\u00e7o, nos munic\u00edpios de Recife, Camaragibe, Caruaru e Afogados da Ingazeira. As quatro unidades m\u00f3veis oferecem atendimentos especializados em sa\u00fade da mulher, ampliando o acesso aos servi\u00e7os sem que as usu\u00e1rias precisem sair de suas cidades. A estrat\u00e9gia do Governo de Pernambuco visa o diagn\u00f3stico precoce e tratamento oportuno dos c\u00e2nceres de mama e do colo do \u00fatero. <\/p>\n<p>Desde sua cria\u00e7\u00e3o, em maio de 2025, a iniciativa j\u00e1 contabiliza 83.337 atendimentos e passou por 144 munic\u00edpios pernambucanos. Entre os servi\u00e7os realizados est\u00e3o exames de mamografia, com mais de 45 mil procedimentos, consultas ginecol\u00f3gicas (16.899) e ultrassonografias das mamas (16.323). As unidades tamb\u00e9m oferecem teleconsulta com mastologista, al\u00e9m de exames como colposcopia, bi\u00f3psia de mama e de colo de \u00fatero.<\/p>\n<p>Para acessar os servi\u00e7os, \u00e9 necess\u00e1rio apresentar documento oficial com foto, Cart\u00e3o do SUS e comprovante de resid\u00eancia. Exames como ultrassonografia, colposcopia e bi\u00f3psia s\u00e3o realizados mediante encaminhamento m\u00e9dico ou indica\u00e7\u00e3o cl\u00ednica.<\/p>\n<p>Confira a agenda da Carreta da Mulher Pernambucana nesta semana, de segunda a sexta, das 8h at\u00e9 as 17h, e no s\u00e1bado das 8h \u00e0s 12h:<\/p>\n<p>Carreta 01 \u2013 Recife (16 a 18\/03)<br \/>\nLocal: Imbiribeira \u2013 Rua Pianista Ismar Mariano, n\u00ba 15 (Pra\u00e7a Lagoa do Ara\u00e7\u00e1)<\/p>\n<p>Carreta 02 \u2013 Camaragibe (16 a 21\/03)<br \/>\nLocal: Vila da F\u00e1brica \u2013 Rua Manoel Honorato da Costa (Em frente ao Shopping Camar\u00e1) <\/p>\n<p>Carreta 03 \u2013 Caruaru (16 a 21\/03)<br \/>\nLocal: Nossa Senhora das Dores (Pra\u00e7a da Concei\u00e7\u00e3o)<\/p>\n<p>Carreta 04 \u2013 Afogados da Ingazeira (16 a 21\/03)<br \/>\nLocal: Pra\u00e7a Monsenhor Alfredo de Arruda C\u00e2mara (Pr\u00f3ximo a Catedral do Senhor Bom Jesus dos Rem\u00e9dios).<br \/>\nSiga o Instagram @portaledvaldomagalhaes<br \/>\nFoto: Divulga\u00e7\u00e3o <\/p>\n","protected":false},"excerpt":{"rendered":"<p>A Carreta da Mulher Pernambucana, coordenada pela Secretaria Estadual de Sa\u00fade de Pernambuco (SES-PE), estar\u00e1 nesta semana, entre os dias&hellip;<\/p>\n","protected":false},"author":1,"featured_media":127778,"comment_status":"closed","ping_status":"open","sticky":false,"template":"","format":"standard","meta":{"footnotes":""},"categories":[14120],"tags":[13146,36147,34634],"class_list":["post-127777","post","type-post","status-publish","format-standard","has-post-thumbnail","hentry","category-noticias","tag-blog-edvaldo-magalhaes","tag-carreta-da-mulher-esta-em-caruaru-e-outros-tres-municipios-pernambucanos-nesta-semana","tag-portal-edvaldo-magalhaes"],"_links":{"self":[{"href":"https:\/\/blogdoedvaldomagalhaes.com.br\/index.php\/wp-json\/wp\/v2\/posts\/127777","targetHints":{"allow":["GET"]}}],"collection":[{"href":"https:\/\/blogdoedvaldomagalhaes.com.br\/index.php\/wp-json\/wp\/v2\/posts"}],"about":[{"href":"https:\/\/blogdoedvaldomagalhaes.com.br\/index.php\/wp-json\/wp\/v2\/types\/post"}],"author":[{"embeddable":true,"href":"https:\/\/blogdoedvaldomagalhaes.com.br\/index.php\/wp-json\/wp\/v2\/users\/1"}],"replies":[{"embeddable":true,"href":"https:\/\/blogdoedvaldomagalhaes.com.br\/index.php\/wp-json\/wp\/v2\/comments?post=127777"}],"version-history":[{"count":1,"href":"https:\/\/blogdoedvaldomagalhaes.com.br\/index.php\/wp-json\/wp\/v2\/posts\/127777\/revisions"}],"predecessor-version":[{"id":127779,"href":"https:\/\/blogdoedvaldomagalhaes.com.br\/index.php\/wp-json\/wp\/v2\/posts\/127777\/revisions\/127779"}],"wp:featuredmedia":[{"embeddable":true,"href":"https:\/\/blogdoedvaldomagalhaes.com.br\/index.php\/wp-json\/wp\/v2\/media\/127778"}],"wp:attachment":[{"href":"https:\/\/blogdoedvaldomagalhaes.com.br\/index.php\/wp-json\/wp\/v2\/media?parent=127777"}],"wp:term":[{"taxonomy":"category","embeddable":true,"href":"https:\/\/blogdoedvaldomagalhaes.com.br\/index.php\/wp-json\/wp\/v2\/categories?post=127777"},{"taxonomy":"post_tag","embeddable":true,"href":"https:\/\/blogdoedvaldomagalhaes.com.br\/index.php\/wp-json\/wp\/v2\/tags?post=127777"}],"curies":[{"name":"wp","href":"https:\/\/api.w.org\/{rel}","templated":true}]}}