{"id":127767,"date":"2026-03-16T19:46:42","date_gmt":"2026-03-16T22:46:42","guid":{"rendered":"https:\/\/blogdoedvaldomagalhaes.com.br\/?p=127767"},"modified":"2026-03-16T19:57:28","modified_gmt":"2026-03-16T22:57:28","slug":"em-limoeiro-governadora-raquel-lyra-autoriza-inicio-de-obra-para-requalificacao-do-hospital-regional-jose-fernandes-salsa-e-implantacao-de-uma-nova-adutora-do-municipio","status":"publish","type":"post","link":"https:\/\/blogdoedvaldomagalhaes.com.br\/index.php\/2026\/03\/16\/em-limoeiro-governadora-raquel-lyra-autoriza-inicio-de-obra-para-requalificacao-do-hospital-regional-jose-fernandes-salsa-e-implantacao-de-uma-nova-adutora-do-municipio\/","title":{"rendered":"Em Limoeiro, governadora Raquel Lyra autoriza in\u00edcio de obra para requalifica\u00e7\u00e3o do Hospital Regional Jos\u00e9 Fernandes Salsa e implanta\u00e7\u00e3o de uma nova adutora do munic\u00edpio"},"content":{"rendered":"<p>Ampliando servi\u00e7os de sa\u00fade e oferta de \u00e1gua, a governadora Raquel Lyra autorizou, nesta segunda-feira (16.03), em Limoeiro, no Agreste Setentrional, o in\u00edcio de obras para requalifica\u00e7\u00e3o do Hospital Regional Jos\u00e9 Fernandes Salsa, com investimento de R$ 24 milh\u00f5es. A reforma inclui moderniza\u00e7\u00e3o e implanta\u00e7\u00e3o da emerg\u00eancia, ambulat\u00f3rio e laborat\u00f3rio. Ainda no munic\u00edpio, a gestora autorizou in\u00edcio de obras para implanta\u00e7\u00e3o da nova adutora, que beneficiar\u00e1 cerca de 56,5 mil pessoas e tem aporte do Governo do Estado de R$ 9,5 milh\u00f5es. Tamb\u00e9m foram entregues 580 t\u00edtulos de regulariza\u00e7\u00e3o de posse e dois \u00f4nibus escolares. A vice-governadora Priscila Krause acompanhou o evento.<\/p>\n<p>&#8220;Celebramos no dia de hoje, aqui em Limoeiro, o in\u00edcio de obras da requalifica\u00e7\u00e3o do Hospital Regional Jos\u00e9 Fernandes Salsa e da nova adutora do munic\u00edpio. Foram muitos anos sem investimentos na sa\u00fade e agora o Estado tem todos os seus hospitais recebendo melhorias. Estamos cuidando da popula\u00e7\u00e3o em todas as regi\u00f5es, e Limoeiro n\u00e3o \u00e9 diferente. Em alguns meses, o povo do Agreste Setentrional contar\u00e1 com uma sa\u00fade p\u00fablica moderna, \u00e1gil e de qualidade\u201d, enfatizou a governadora Raquel Lyra.<\/p>\n<p>Anfitri\u00e3o do evento, o prefeito de Limoeiro, Orlando Jorge, falou da alegria da cidade receber as a\u00e7\u00f5es do Estado. \u201cA obra para implanta\u00e7\u00e3o da nova adutora, por exemplo, \u00e9 fundamental para o desenvolvimento de Limoeiro, porque vamos eliminar um grande rod\u00edzio. Com todas as iniciativas anunciadas hoje, vemos o compromisso do Governo do Estado com o povo pernambucano. Gratid\u00e3o em nome do povo de Limoeiro por todo trabalho do Governo de Pernambuco\u201d, destacou o prefeito.<\/p>\n<p>Com a reforma, o Hospital Regional Jos\u00e9 Fernandes Salsa passar\u00e1 de 91 para 135 leitos, reconfigurando a capacidade de atendimento hospitalar na regi\u00e3o. A interven\u00e7\u00e3o, que durar\u00e1 16 meses, trar\u00e1 avan\u00e7os importantes com ambientes mais estruturados e modernos para o atendimento. A unidade ainda receber\u00e1 um novo Centro de Diagn\u00f3stico por Imagem (CDI), proporcionando agilidade e precis\u00e3o para a defini\u00e7\u00e3o dos tratamentos e contribuindo para a redu\u00e7\u00e3o do tempo de interna\u00e7\u00e3o.<\/p>\n<p><img loading=\"lazy\" decoding=\"async\" src=\"https:\/\/blogdoedvaldomagalhaes.com.br\/wp-content\/uploads\/2026\/03\/img-20260316-wa01562393258435720910770.jpg\" class=\"wp-image-127773 alignnone size-full\" width=\"2000\" height=\"1334\" srcset=\"https:\/\/blogdoedvaldomagalhaes.com.br\/wp-content\/uploads\/2026\/03\/img-20260316-wa01562393258435720910770.jpg 2000w, https:\/\/blogdoedvaldomagalhaes.com.br\/wp-content\/uploads\/2026\/03\/img-20260316-wa01562393258435720910770-300x200.jpg 300w, https:\/\/blogdoedvaldomagalhaes.com.br\/wp-content\/uploads\/2026\/03\/img-20260316-wa01562393258435720910770-1024x683.jpg 1024w, https:\/\/blogdoedvaldomagalhaes.com.br\/wp-content\/uploads\/2026\/03\/img-20260316-wa01562393258435720910770-768x512.jpg 768w, https:\/\/blogdoedvaldomagalhaes.com.br\/wp-content\/uploads\/2026\/03\/img-20260316-wa01562393258435720910770-1536x1025.jpg 1536w\" sizes=\"auto, (max-width: 2000px) 100vw, 2000px\" \/><\/p>\n<p>A secret\u00e1ria de Sa\u00fade, Zilda Cavalcanti, falou sobre o impacto das interven\u00e7\u00f5es no hospital. \u201cCom essa amplia\u00e7\u00e3o, iremos melhorar as condi\u00e7\u00f5es de trabalho dos servidores que atuam no equipamento e dar assist\u00eancia \u00e0 sa\u00fade, n\u00e3o somente para a popula\u00e7\u00e3o de Limoeiro, mas tamb\u00e9m para parte do Agreste Setentrional\u201d, afirmou a titular da pasta.<\/p>\n<p>J\u00e1 no projeto de amplia\u00e7\u00e3o da distribui\u00e7\u00e3o de \u00e1gua, est\u00e1 prevista a implanta\u00e7\u00e3o de aproximadamente 9,9 quil\u00f4metros de adutora entre as esta\u00e7\u00f5es elevat\u00f3rias Limoeiro I e Limoeiro II. Com a interven\u00e7\u00e3o, a expectativa \u00e9 aumentar o volume que chega \u00e0 Esta\u00e7\u00e3o de Tratamento de \u00c1gua (ETA) de Limoeiro de 90 para 110 litros por segundo, melhorando a regularidade do abastecimento. A previs\u00e3o de conclus\u00e3o da obra \u00e9 para o segundo semestre deste ano.<\/p>\n<p>De acordo com o presidente da Compesa, Douglas N\u00f3brega, a nova adutora muda a realidade do rod\u00edzio para o munic\u00edpio. \u201cCom essa interven\u00e7\u00e3o, teremos uma melhora significativa para a cidade de Limoeiro, reduzindo do atual regime de distribui\u00e7\u00e3o de 12 para 8 dias sem \u00e1gua\u201d, explicou o gestor.<\/p>\n<p>Ainda em Limoeiro, a governadora Raquel Lyra entregou, atrav\u00e9s da Pernambuco Participa\u00e7\u00f5es e Investimentos S\/A (Perpart), 580 t\u00edtulos de propriedade a moradores dos n\u00facleos habitacionais Cohab 1 e Cohab 2. A iniciativa integra as pol\u00edticas habitacionais do Governo de Pernambuco, que tem como objetivo garantir seguran\u00e7a jur\u00eddica \u00e0s fam\u00edlias e o reconhecimento legal dos im\u00f3veis.<\/p>\n<p>A secret\u00e1ria de Desenvolvimento Urbano e Habita\u00e7\u00e3o, Simone Nunes, detalhou a a\u00e7\u00e3o na comunidade. \u201cTem moradores que vivem na comunidade h\u00e1 50 anos e ainda n\u00e3o receberam seus t\u00edtulos de propriedade. S\u00e3o mais de 13 mil fam\u00edlias que, desde 2023, ganharam o documento que comprova que a casa \u00e9 deles em todo o Estado\u201d, apontou.<\/p>\n<p><img loading=\"lazy\" decoding=\"async\" src=\"https:\/\/blogdoedvaldomagalhaes.com.br\/wp-content\/uploads\/2026\/03\/img-20260316-wa01584889934632600356294.jpg\" class=\"wp-image-127774 alignnone size-full\" width=\"1334\" height=\"2000\" srcset=\"https:\/\/blogdoedvaldomagalhaes.com.br\/wp-content\/uploads\/2026\/03\/img-20260316-wa01584889934632600356294.jpg 1334w, https:\/\/blogdoedvaldomagalhaes.com.br\/wp-content\/uploads\/2026\/03\/img-20260316-wa01584889934632600356294-200x300.jpg 200w, https:\/\/blogdoedvaldomagalhaes.com.br\/wp-content\/uploads\/2026\/03\/img-20260316-wa01584889934632600356294-683x1024.jpg 683w, https:\/\/blogdoedvaldomagalhaes.com.br\/wp-content\/uploads\/2026\/03\/img-20260316-wa01584889934632600356294-768x1151.jpg 768w, https:\/\/blogdoedvaldomagalhaes.com.br\/wp-content\/uploads\/2026\/03\/img-20260316-wa01584889934632600356294-1025x1536.jpg 1025w\" sizes=\"auto, (max-width: 1334px) 100vw, 1334px\" \/><\/p>\n<p>Beneficiada pela regulariza\u00e7\u00e3o, Ivonete Rodrigues da Silva, conhecida como \u201cDona Neta\u201d, agradeceu ao Governo do Estado. \u201cEu represento toda nossa comunidade e tudo o que a gente queria era a escritura do nosso terreno\u201d, disse.<\/p>\n<p>Na solenidade, a chefe do Executivo estadual entregou dois novos \u00f4nibus escolares ao munic\u00edpio de Limoeiro, totalizando sete ve\u00edculos entregues ao munic\u00edpio desde 2023.<\/p>\n<p>Presente no evento, o senador Fernando Dueire destacou que o Governo de Pernambuco tem trazido de volta a esperan\u00e7a para a popula\u00e7\u00e3o. \u201cCom as entregas aqui de Limoeiro, melhoria na distribui\u00e7\u00e3o de \u00e1gua, regulariza\u00e7\u00e3o fundi\u00e1ria e requalifica\u00e7\u00e3o do Hospital Regional Jos\u00e9 Fernandes Salsa, vemos um Governo que cuida das pessoas\u201d, disse o parlamentar.<\/p>\n<p>J\u00e1 o deputado estadual Jo\u00e3o Paulo Costa destacou a alegria das a\u00e7\u00f5es para o munic\u00edpio. \u201cHoje \u00e9 um dia de muita alegria para o povo de Limoeiro. O Governo do Estado est\u00e1 sempre fazendo a\u00e7\u00f5es que mudam a realidade da vida das pessoas e aqui em Limoeiro, n\u00e3o seria diferente\u201d, afirmou.<\/p>\n<p>Estiveram presentes os deputados estaduais Henrique Queiroz Filho, Aglailson Victor e Joaquim Lira; os prefeitos Henrique Queiroz (Buenos Aires), Erivan J\u00falio (Salgadinho), \u00c9der (Vic\u00eancia), Z\u00e9 Luiz (Lagoa do Carro), Marcos da Ro\u00e7a (Ch\u00e3 de Alegria), Dr. Hist\u00eanio Sales (Vertente do L\u00e9rio), Severino Silvestre (Passira), Janj\u00e3o (Bom Jardim), Lindonaldo da Farinha (Frei Miguelinho), Joel Gonzaga (Feira Nova) e F\u00e1tima Borba (Cort\u00eas); al\u00e9m do diretor-presidente da Perpart, Francisco Amaral, e do diretor-presidente da Companhia Estadual de Habita\u00e7\u00e3o e Obras (Cehab), Paulo Lira. Foto: Miva Filho\/Secom.<br \/>\nSiga o Instagram @portaledvaldomagalhaes<\/p>\n","protected":false},"excerpt":{"rendered":"<p>Ampliando servi\u00e7os de sa\u00fade e oferta de \u00e1gua, a governadora Raquel Lyra autorizou, nesta segunda-feira (16.03), em Limoeiro, no Agreste&hellip;<\/p>\n","protected":false},"author":1,"featured_media":127771,"comment_status":"closed","ping_status":"open","sticky":false,"template":"","format":"standard","meta":{"footnotes":""},"categories":[14122],"tags":[13146,20,34634],"class_list":["post-127767","post","type-post","status-publish","format-standard","has-post-thumbnail","hentry","category-politica","tag-blog-edvaldo-magalhaes","tag-politica","tag-portal-edvaldo-magalhaes"],"_links":{"self":[{"href":"https:\/\/blogdoedvaldomagalhaes.com.br\/index.php\/wp-json\/wp\/v2\/posts\/127767","targetHints":{"allow":["GET"]}}],"collection":[{"href":"https:\/\/blogdoedvaldomagalhaes.com.br\/index.php\/wp-json\/wp\/v2\/posts"}],"about":[{"href":"https:\/\/blogdoedvaldomagalhaes.com.br\/index.php\/wp-json\/wp\/v2\/types\/post"}],"author":[{"embeddable":true,"href":"https:\/\/blogdoedvaldomagalhaes.com.br\/index.php\/wp-json\/wp\/v2\/users\/1"}],"replies":[{"embeddable":true,"href":"https:\/\/blogdoedvaldomagalhaes.com.br\/index.php\/wp-json\/wp\/v2\/comments?post=127767"}],"version-history":[{"count":3,"href":"https:\/\/blogdoedvaldomagalhaes.com.br\/index.php\/wp-json\/wp\/v2\/posts\/127767\/revisions"}],"predecessor-version":[{"id":127775,"href":"https:\/\/blogdoedvaldomagalhaes.com.br\/index.php\/wp-json\/wp\/v2\/posts\/127767\/revisions\/127775"}],"wp:featuredmedia":[{"embeddable":true,"href":"https:\/\/blogdoedvaldomagalhaes.com.br\/index.php\/wp-json\/wp\/v2\/media\/127771"}],"wp:attachment":[{"href":"https:\/\/blogdoedvaldomagalhaes.com.br\/index.php\/wp-json\/wp\/v2\/media?parent=127767"}],"wp:term":[{"taxonomy":"category","embeddable":true,"href":"https:\/\/blogdoedvaldomagalhaes.com.br\/index.php\/wp-json\/wp\/v2\/categories?post=127767"},{"taxonomy":"post_tag","embeddable":true,"href":"https:\/\/blogdoedvaldomagalhaes.com.br\/index.php\/wp-json\/wp\/v2\/tags?post=127767"}],"curies":[{"name":"wp","href":"https:\/\/api.w.org\/{rel}","templated":true}]}}