{"id":127760,"date":"2026-03-16T11:55:36","date_gmt":"2026-03-16T14:55:36","guid":{"rendered":"https:\/\/blogdoedvaldomagalhaes.com.br\/?p=127760"},"modified":"2026-03-16T11:55:36","modified_gmt":"2026-03-16T14:55:36","slug":"adolescente-e-apreendido-em-flagrante-apos-ataque-com-faca-dentro-de-escola","status":"publish","type":"post","link":"https:\/\/blogdoedvaldomagalhaes.com.br\/index.php\/2026\/03\/16\/adolescente-e-apreendido-em-flagrante-apos-ataque-com-faca-dentro-de-escola\/","title":{"rendered":"Adolescente \u00e9 apreendido em flagrante ap\u00f3s ataque com faca dentro de escola"},"content":{"rendered":"<p>Um adolescente de 14 anos de idade feriu a faca tr\u00eas estudantes na as foram feridas em um ataque a faca na Escola de Refer\u00eancia em Ensino Fundamental Cristiano Barbosa e Silva, em Barreiros, na Zona da Mata Sul de Pernambuco, \u00e0s 07h27 da manh\u00e3 desta segunda-feira 16.03).<\/p>\n<p>O Conselho Tutelar da Crian\u00e7a e do Adolescente informou que a primeira v\u00edtima que n\u00e3o teve a idade revelada levou ao menos tr\u00eas facadas nas costas.  A segunda, de 14 anos, foi atingida no bra\u00e7o e nas costas, e a terceira, que n\u00e3o teve idade informada, foi atingida nas costas.<\/p>\n<p>Segundo informa\u00e7\u00f5es, o adolescente suspeito costumava desenhar s\u00edmbolos associados ao Nazismo dentro da escola, e j\u00e1 havia feito amea\u00e7as a colegas em outras ocasi\u00f5es, chegando a dizer que um dia cometeria um massacre na unidade de ensino, por\u00e9m, muitos alunos n\u00e3o levaram as declara\u00e7\u00f5es a s\u00e9rio. Ele foi apreendido em flagrante da PMPE.<\/p>\n<p>Veja o posicionamento da governadora Raquel Lyra, nas suas redes sociais:<\/p>\n<p>\u201cEstou acompanhando as a\u00e7\u00f5es da pol\u00edcia no triste epis\u00f3dio envolvendo 4 adolescentes, sendo 3 delas v\u00edtimas de viol\u00eancia dentro de uma escola estadual de Barreiros, na Mata Sul. Neste momento, a situa\u00e7\u00e3o est\u00e1 sob controle e as v\u00edtimas est\u00e3o fora de perigo. Em Pernambuco, escola \u00e9 lugar de paz e de constru\u00e7\u00e3o do nosso lugar do mundo. Jamais de viol\u00eancia\u201d, afirmou na nota.<\/p>\n<p>Siga o Instagram @portaledvaldomagalhaes e comente.<br \/>\nFoto: Reprodu\u00e7\u00e3o\/V\u00eddeo\/WhatsApp <\/p>\n","protected":false},"excerpt":{"rendered":"<p>Um adolescente de 14 anos de idade feriu a faca tr\u00eas estudantes na as foram feridas em um ataque a&hellip;<\/p>\n","protected":false},"author":1,"featured_media":127761,"comment_status":"closed","ping_status":"open","sticky":false,"template":"","format":"standard","meta":{"footnotes":""},"categories":[14121],"tags":[36145,13146,34634],"class_list":["post-127760","post","type-post","status-publish","format-standard","has-post-thumbnail","hentry","category-policial","tag-adolescente-e-apreendido-em-flagrante-apos-ataque-com-faca-dentro-de-escola","tag-blog-edvaldo-magalhaes","tag-portal-edvaldo-magalhaes"],"_links":{"self":[{"href":"https:\/\/blogdoedvaldomagalhaes.com.br\/index.php\/wp-json\/wp\/v2\/posts\/127760","targetHints":{"allow":["GET"]}}],"collection":[{"href":"https:\/\/blogdoedvaldomagalhaes.com.br\/index.php\/wp-json\/wp\/v2\/posts"}],"about":[{"href":"https:\/\/blogdoedvaldomagalhaes.com.br\/index.php\/wp-json\/wp\/v2\/types\/post"}],"author":[{"embeddable":true,"href":"https:\/\/blogdoedvaldomagalhaes.com.br\/index.php\/wp-json\/wp\/v2\/users\/1"}],"replies":[{"embeddable":true,"href":"https:\/\/blogdoedvaldomagalhaes.com.br\/index.php\/wp-json\/wp\/v2\/comments?post=127760"}],"version-history":[{"count":2,"href":"https:\/\/blogdoedvaldomagalhaes.com.br\/index.php\/wp-json\/wp\/v2\/posts\/127760\/revisions"}],"predecessor-version":[{"id":127763,"href":"https:\/\/blogdoedvaldomagalhaes.com.br\/index.php\/wp-json\/wp\/v2\/posts\/127760\/revisions\/127763"}],"wp:featuredmedia":[{"embeddable":true,"href":"https:\/\/blogdoedvaldomagalhaes.com.br\/index.php\/wp-json\/wp\/v2\/media\/127761"}],"wp:attachment":[{"href":"https:\/\/blogdoedvaldomagalhaes.com.br\/index.php\/wp-json\/wp\/v2\/media?parent=127760"}],"wp:term":[{"taxonomy":"category","embeddable":true,"href":"https:\/\/blogdoedvaldomagalhaes.com.br\/index.php\/wp-json\/wp\/v2\/categories?post=127760"},{"taxonomy":"post_tag","embeddable":true,"href":"https:\/\/blogdoedvaldomagalhaes.com.br\/index.php\/wp-json\/wp\/v2\/tags?post=127760"}],"curies":[{"name":"wp","href":"https:\/\/api.w.org\/{rel}","templated":true}]}}