{"id":127757,"date":"2026-03-16T10:44:41","date_gmt":"2026-03-16T13:44:41","guid":{"rendered":"https:\/\/blogdoedvaldomagalhaes.com.br\/?p=127757"},"modified":"2026-03-16T10:44:41","modified_gmt":"2026-03-16T13:44:41","slug":"o-som-do-pife-no-tapete-vermelho-caruaru-e-a-economia-do-cinema-global-por-jorge-quintino","status":"publish","type":"post","link":"https:\/\/blogdoedvaldomagalhaes.com.br\/index.php\/2026\/03\/16\/o-som-do-pife-no-tapete-vermelho-caruaru-e-a-economia-do-cinema-global-por-jorge-quintino\/","title":{"rendered":"O Som do Pife no Tapete Vermelho: Caruaru e a Economia do Cinema Global &#8211; Por Jorge Quintino"},"content":{"rendered":"<p>A 98\u00aa edi\u00e7\u00e3o do Oscar pode n\u00e3o ter entregue estatuetas f\u00edsicas ao Brasil nesta noite, mas consolidou uma vit\u00f3ria simb\u00f3lica e econ\u00f4mica que ecoa do Agreste ao mundo. Ap\u00f3s o marco hist\u00f3rico de \u201cAinda Estou Aqui\u201d no ano anterior, a presen\u00e7a de \u201cO Agente Secreto\u201d, de Kleber Mendon\u00e7a Filho, na maior vitrine do cinema mundial, reafirma que o audiovisual brasileiro, e especificamente o pernambucano, \u00e9 hoje uma ind\u00fastria de exporta\u00e7\u00e3o extremamente competitiva.<\/p>\n<p>*A Ancestralidade que Embala a Modernidade*<\/p>\n<p>Para n\u00f3s, caruaruenses, o brilho dessa indica\u00e7\u00e3o tem um som familiar e poderoso. Ver a Banda de P\u00edfanos de Caruaru inserida em uma das cenas mais eletrizantes do longa, a persegui\u00e7\u00e3o embalada por &#8220;A briga do Cachorro com a On\u00e7a&#8221;, \u00e9 o reconhecimento de um legado que atravessa um s\u00e9culo. Composta em 1926 por Manoel Clarindo Biano, e perpetuada por seus filhos Benedito e Sebasti\u00e3o, essa obra n\u00e3o \u00e9 apenas m\u00fasica; \u00e9 o DNA da nossa resist\u00eancia cultural.<\/p>\n<p>A banda, que nasceu em Alagoas em 1924 mas se consolidou e floresceu em solo pernambucano, j\u00e1 influenciou gigantes como Gilberto Gil e conquistou o Grammy Latino. Agora, ao ser escolhida para a trilha sonora de um filme com proje\u00e7\u00e3o global, ela prova que o regionalismo, quando tratado com a maestria de Kleber Mendon\u00e7a, torna-se uma linguagem universal capaz de atrair novos mercados de licenciamento e investimentos estrangeiros.<\/p>\n<p>*O &#8220;Efeito Cascata&#8221; na Economia Local*<\/p>\n<p>N\u00e3o estamos falando apenas de arte. A presen\u00e7a de Pernambuco no Oscar funciona como um selo de qualidade que movimenta toda a cadeia produtiva.<\/p>\n<p>*Investimento e Renda*: <\/p>\n<p>O sucesso internacional facilita coprodu\u00e7\u00f5es e a entrada de capital para novos projetos locais.<\/p>\n<p>*Turismo Cinematogr\u00e1fico*: Loca\u00e7\u00f5es e refer\u00eancias culturais estimulam o interesse global pela nossa regi\u00e3o.<\/p>\n<p>*Gera\u00e7\u00e3o de Emprego*: Cada real investido no setor audiovisual gera um retorno multiplicado para o PIB, beneficiando desde t\u00e9cnicos de som e iluminadores at\u00e9 o setor de servi\u00e7os e hotelaria.<\/p>\n<p>A consolida\u00e7\u00e3o de Pernambuco como um hub de exporta\u00e7\u00e3o de conte\u00fado reafirma que o cinema \u00e9 uma ind\u00fastria vibrante e rent\u00e1vel. Caruaru, representada pela for\u00e7a da fam\u00edlia Biano, n\u00e3o est\u00e1 apenas na plateia; ela est\u00e1 na tela, na trilha e na engrenagem que faz o setor girar.<\/p>\n<p>O Oscar passa, mas o impacto de ver nossa cultura ocupando esses espa\u00e7os permanece na valoriza\u00e7\u00e3o da m\u00e3o de obra local e na certeza de que o pife de Caruaru continua sendo uma das vozes que o mundo mais quer ouvir.<\/p>\n<p>Jorge Quintino<br \/>\nVice-presidente da C\u00e2mara Municipal de Caruaru<br \/>\nPresidente da Comiss\u00e3o de Educa\u00e7\u00e3o, Cultura e Esportes.<br \/>\nSiga o Instagram @portaledvaldomagalhaes<\/p>\n","protected":false},"excerpt":{"rendered":"<p>A 98\u00aa edi\u00e7\u00e3o do Oscar pode n\u00e3o ter entregue estatuetas f\u00edsicas ao Brasil nesta noite, mas consolidou uma vit\u00f3ria simb\u00f3lica&hellip;<\/p>\n","protected":false},"author":1,"featured_media":127758,"comment_status":"closed","ping_status":"open","sticky":false,"template":"","format":"standard","meta":{"footnotes":""},"categories":[14122],"tags":[13146,36144,34634],"class_list":["post-127757","post","type-post","status-publish","format-standard","has-post-thumbnail","hentry","category-politica","tag-blog-edvaldo-magalhaes","tag-o-som-do-pife-no-tapete-vermelho-caruaru-e-a-economia-do-cinema-global-por-jorge-quintino","tag-portal-edvaldo-magalhaes"],"_links":{"self":[{"href":"https:\/\/blogdoedvaldomagalhaes.com.br\/index.php\/wp-json\/wp\/v2\/posts\/127757","targetHints":{"allow":["GET"]}}],"collection":[{"href":"https:\/\/blogdoedvaldomagalhaes.com.br\/index.php\/wp-json\/wp\/v2\/posts"}],"about":[{"href":"https:\/\/blogdoedvaldomagalhaes.com.br\/index.php\/wp-json\/wp\/v2\/types\/post"}],"author":[{"embeddable":true,"href":"https:\/\/blogdoedvaldomagalhaes.com.br\/index.php\/wp-json\/wp\/v2\/users\/1"}],"replies":[{"embeddable":true,"href":"https:\/\/blogdoedvaldomagalhaes.com.br\/index.php\/wp-json\/wp\/v2\/comments?post=127757"}],"version-history":[{"count":1,"href":"https:\/\/blogdoedvaldomagalhaes.com.br\/index.php\/wp-json\/wp\/v2\/posts\/127757\/revisions"}],"predecessor-version":[{"id":127759,"href":"https:\/\/blogdoedvaldomagalhaes.com.br\/index.php\/wp-json\/wp\/v2\/posts\/127757\/revisions\/127759"}],"wp:featuredmedia":[{"embeddable":true,"href":"https:\/\/blogdoedvaldomagalhaes.com.br\/index.php\/wp-json\/wp\/v2\/media\/127758"}],"wp:attachment":[{"href":"https:\/\/blogdoedvaldomagalhaes.com.br\/index.php\/wp-json\/wp\/v2\/media?parent=127757"}],"wp:term":[{"taxonomy":"category","embeddable":true,"href":"https:\/\/blogdoedvaldomagalhaes.com.br\/index.php\/wp-json\/wp\/v2\/categories?post=127757"},{"taxonomy":"post_tag","embeddable":true,"href":"https:\/\/blogdoedvaldomagalhaes.com.br\/index.php\/wp-json\/wp\/v2\/tags?post=127757"}],"curies":[{"name":"wp","href":"https:\/\/api.w.org\/{rel}","templated":true}]}}