{"id":127750,"date":"2026-03-16T10:10:14","date_gmt":"2026-03-16T13:10:14","guid":{"rendered":"https:\/\/blogdoedvaldomagalhaes.com.br\/?p=127750"},"modified":"2026-03-16T10:10:14","modified_gmt":"2026-03-16T13:10:14","slug":"renilda-cardoso-vai-lancar-a-cartilha-ritmando-em-show-no-sesc-caruaru-gratuitamente","status":"publish","type":"post","link":"https:\/\/blogdoedvaldomagalhaes.com.br\/index.php\/2026\/03\/16\/renilda-cardoso-vai-lancar-a-cartilha-ritmando-em-show-no-sesc-caruaru-gratuitamente\/","title":{"rendered":"Renilda Cardoso vai lan\u00e7ar a Cartilha Ritmando, em show no Sesc Caruaru, gratuitamente"},"content":{"rendered":"<p>Renilda Cardoso,<br \/>\nCantora, compositora e licenciada em m\u00fasica com especializa\u00e7\u00e3o em canto popular, natural de Pesqueira, Pernambuco, canta o forr\u00f3 raiz com mais de tr\u00eas d\u00e9cadas dedicadas \u00e0 preserva\u00e7\u00e3o e promo\u00e7\u00e3o da m\u00fasica nordestina. <\/p>\n<p>Chegou em Caruaru na d\u00e9cada de 80 e desde ent\u00e3o abra\u00e7ou a cidade como sua e proporcionado muita m\u00fasica com talento e dedica\u00e7\u00e3o as suas raizes.<\/p>\n<p>Em 1994, ano em que gravou seu primeiro CD, vem participando ativamente de eventos culturais e festivais, tanto no Brasil quanto no exterior, levando o forr\u00f3 tradicional a novos p\u00fablicos e fortalecendo a heran\u00e7a cultural do Nordeste. <\/p>\n<p>Agora, apresenta o projeto RITMANDO, o qual nasceu da sensibilidade e preocupa\u00e7\u00e3o em preservar os ritmos nordestinos, aos fazedores de educa\u00e7\u00e3o \u2013 professores, alunos e, tamb\u00e9m, \u00e0 sociedade em geral. De acordo com Jos\u00e9 Urbano, professor e historiador, pesquisador cultural e membro da Academia de Cultura de Caruaru, o projeto \u00e9 valioso porque apresenta temas regionais, como forr\u00f3, bai\u00e3o, xote, maracatu, frevo, ciranda, arrasta-p\u00e9 e coco.<\/p>\n<p>E para o lan\u00e7amento da Cartilha Ritmando, Renilda Cardoso, promove show no Sesc Caruaru no dia 09 de abril as 19h30, aberto ao p\u00fablico, mas precisando fazer a retirada do convite pela internet gratuitamente. O show tem o objetivo de apresentar as m\u00fasicas que comp\u00f5em a cartilha \u201cMaterial Did\u00e1tico Pedag\u00f3gico\u201d. Uma forma l\u00fadica de mostrar todo o conte\u00fado did\u00e1tico da cartilha para o p\u00fablico presente.<br \/>\nNo show, a artista preparou junto com sua produ\u00e7\u00e3o musical, cenografia e equipe t\u00e9cnica, uma apresenta\u00e7\u00e3o que ir\u00e1 mostrar os ritmos nordestinos contidos no material did\u00e1tico. A ideia \u00e9 reunir educadores, artistas, amigos, forrozeiros, imprensa, autoridades e todo mundo que aprecia o forr\u00f3 e os demais ritmos nordestinos, exaltados nesse trabalho minucioso de pesquisa e de grande dedica\u00e7\u00e3o a hist\u00f3ria do nosso forr\u00f3 e demais ritmos. A noite promete e Renilda, a forrozeira, j\u00e1 pretende mostrar tudo isso as novas gera\u00e7\u00f5es, levando essa cartilha para as escolas da rede p\u00fablica.<br \/>\nSiga o Instagram @portaledvaldomagalhaes.<br \/>\nFoto: Divulga\u00e7\u00e3o <\/p>\n","protected":false},"excerpt":{"rendered":"<p>Renilda Cardoso, Cantora, compositora e licenciada em m\u00fasica com especializa\u00e7\u00e3o em canto popular, natural de Pesqueira, Pernambuco, canta o forr\u00f3&hellip;<\/p>\n","protected":false},"author":1,"featured_media":127751,"comment_status":"closed","ping_status":"open","sticky":false,"template":"","format":"standard","meta":{"footnotes":""},"categories":[14120],"tags":[13146,34634,36141],"class_list":["post-127750","post","type-post","status-publish","format-standard","has-post-thumbnail","hentry","category-noticias","tag-blog-edvaldo-magalhaes","tag-portal-edvaldo-magalhaes","tag-renilda-cardoso-vai-lancar-a-cartilha-ritmando"],"_links":{"self":[{"href":"https:\/\/blogdoedvaldomagalhaes.com.br\/index.php\/wp-json\/wp\/v2\/posts\/127750","targetHints":{"allow":["GET"]}}],"collection":[{"href":"https:\/\/blogdoedvaldomagalhaes.com.br\/index.php\/wp-json\/wp\/v2\/posts"}],"about":[{"href":"https:\/\/blogdoedvaldomagalhaes.com.br\/index.php\/wp-json\/wp\/v2\/types\/post"}],"author":[{"embeddable":true,"href":"https:\/\/blogdoedvaldomagalhaes.com.br\/index.php\/wp-json\/wp\/v2\/users\/1"}],"replies":[{"embeddable":true,"href":"https:\/\/blogdoedvaldomagalhaes.com.br\/index.php\/wp-json\/wp\/v2\/comments?post=127750"}],"version-history":[{"count":1,"href":"https:\/\/blogdoedvaldomagalhaes.com.br\/index.php\/wp-json\/wp\/v2\/posts\/127750\/revisions"}],"predecessor-version":[{"id":127752,"href":"https:\/\/blogdoedvaldomagalhaes.com.br\/index.php\/wp-json\/wp\/v2\/posts\/127750\/revisions\/127752"}],"wp:featuredmedia":[{"embeddable":true,"href":"https:\/\/blogdoedvaldomagalhaes.com.br\/index.php\/wp-json\/wp\/v2\/media\/127751"}],"wp:attachment":[{"href":"https:\/\/blogdoedvaldomagalhaes.com.br\/index.php\/wp-json\/wp\/v2\/media?parent=127750"}],"wp:term":[{"taxonomy":"category","embeddable":true,"href":"https:\/\/blogdoedvaldomagalhaes.com.br\/index.php\/wp-json\/wp\/v2\/categories?post=127750"},{"taxonomy":"post_tag","embeddable":true,"href":"https:\/\/blogdoedvaldomagalhaes.com.br\/index.php\/wp-json\/wp\/v2\/tags?post=127750"}],"curies":[{"name":"wp","href":"https:\/\/api.w.org\/{rel}","templated":true}]}}