{"id":127746,"date":"2026-03-16T09:59:39","date_gmt":"2026-03-16T12:59:39","guid":{"rendered":"https:\/\/blogdoedvaldomagalhaes.com.br\/?p=127746"},"modified":"2026-03-16T10:02:14","modified_gmt":"2026-03-16T13:02:14","slug":"espetaculo-a-eleicao-em-unica-apresentacao-em-caruaru","status":"publish","type":"post","link":"https:\/\/blogdoedvaldomagalhaes.com.br\/index.php\/2026\/03\/16\/espetaculo-a-eleicao-em-unica-apresentacao-em-caruaru\/","title":{"rendered":"Espet\u00e1culo \u201cA Elei\u00e7\u00e3o\u201d em \u00fanica apresenta\u00e7\u00e3o em Caruaru"},"content":{"rendered":"<p>A Companhia de Projetos C\u00eanicos de Santa Cruz do Capibaribe apresenta em Caruaru o espet\u00e1culo \u201cA Elei\u00e7\u00e3o\u201d, uma dramaturgia nordestina de Lourdes Ramalho com dire\u00e7\u00e3o de Di\u00f3genes Rodrigues. Uma com\u00e9dia pol\u00edtica marcada pelo humor cr\u00edtica, pela forte identidade regional, escrita nos anos 70 e que continua atual. A pe\u00e7a utiliza situa\u00e7\u00f5es c\u00f4micas e personagens caricatos para revelar os bastidores do poder, expondo ambi\u00e7\u00f5es, interesses e contradi\u00e7\u00f5es. O p\u00fablico ter\u00e1 a oportunidade de conferir humor, cr\u00edtica social e um retrato provocante da pol\u00edtica Brasileira. O texto traz divers\u00e3o, mas tamb\u00e9m reflex\u00e3o sobre o papel do cidad\u00e3o diante do voto e da pol\u00edtica, um contexto que pode est\u00e1 sendo vivido nesse momento em qualquer cidade do Brasil.<\/p>\n<p>Montada pela primeira vez pelo grupo em 2004, a pe\u00e7a retorna agora com ainda mais for\u00e7a, trazendo a irrever\u00eancia, a cr\u00edtica social e o humor que fazem parte da ess\u00eancia do nosso povo. Al\u00e9m da dire\u00e7\u00e3o do espet\u00e1culo, Di\u00f3genes Rodrigues tamb\u00e9m atua, dividindo o palco com os atores Ana Nunes, Arthur Monteiro, Cl\u00e9cia Ara\u00fajo, Eliaquim Filho, Iago Monteiro, Jo\u00e3o Rocha, Lourdes Arag\u00e3o, M\u00e1rcio Maracaj\u00e1 e M\u00e1rcia Feitosa.<\/p>\n<p>O espet\u00e1culo \u201cA Elei\u00e7\u00e3o\u201d acontece em \u00fanica apresenta\u00e7\u00e3o, no s\u00e1bado, dia 21 de mar\u00e7o, no teatro Rui Limeira Rosal \u2013 Sesc Caruaru, \u00e0s 20 horas. Ingressos antecipados atrav\u00e9s do Sympla pelo valor de 30 reais mais taxa ou na bilheteria do teatro pelo valor de 40 reais inteira e 20 reais meia entrada. A classifica\u00e7\u00e3o indicativa \u00e9 de 14 anos.<\/p>\n<p>N\u00e3o perca essa \u00fanica oportunidade para conferir uma com\u00e9dia inteligente, popular e provocadora que celebra a for\u00e7a do teatro nordestino. Foto: Divulga\u00e7\u00e3o.<br \/>\nSiga o Instagram @portaledvaldomagalhaes<\/p>\n","protected":false},"excerpt":{"rendered":"<p>A Companhia de Projetos C\u00eanicos de Santa Cruz do Capibaribe apresenta em Caruaru o espet\u00e1culo \u201cA Elei\u00e7\u00e3o\u201d, uma dramaturgia nordestina&hellip;<\/p>\n","protected":false},"author":1,"featured_media":127748,"comment_status":"closed","ping_status":"open","sticky":false,"template":"","format":"standard","meta":{"footnotes":""},"categories":[14120],"tags":[13146,36140,34634],"class_list":["post-127746","post","type-post","status-publish","format-standard","has-post-thumbnail","hentry","category-noticias","tag-blog-edvaldo-magalhaes","tag-espetaculo-a-eleicao-em-unica-apresentacao-em-caruaru","tag-portal-edvaldo-magalhaes"],"_links":{"self":[{"href":"https:\/\/blogdoedvaldomagalhaes.com.br\/index.php\/wp-json\/wp\/v2\/posts\/127746","targetHints":{"allow":["GET"]}}],"collection":[{"href":"https:\/\/blogdoedvaldomagalhaes.com.br\/index.php\/wp-json\/wp\/v2\/posts"}],"about":[{"href":"https:\/\/blogdoedvaldomagalhaes.com.br\/index.php\/wp-json\/wp\/v2\/types\/post"}],"author":[{"embeddable":true,"href":"https:\/\/blogdoedvaldomagalhaes.com.br\/index.php\/wp-json\/wp\/v2\/users\/1"}],"replies":[{"embeddable":true,"href":"https:\/\/blogdoedvaldomagalhaes.com.br\/index.php\/wp-json\/wp\/v2\/comments?post=127746"}],"version-history":[{"count":2,"href":"https:\/\/blogdoedvaldomagalhaes.com.br\/index.php\/wp-json\/wp\/v2\/posts\/127746\/revisions"}],"predecessor-version":[{"id":127749,"href":"https:\/\/blogdoedvaldomagalhaes.com.br\/index.php\/wp-json\/wp\/v2\/posts\/127746\/revisions\/127749"}],"wp:featuredmedia":[{"embeddable":true,"href":"https:\/\/blogdoedvaldomagalhaes.com.br\/index.php\/wp-json\/wp\/v2\/media\/127748"}],"wp:attachment":[{"href":"https:\/\/blogdoedvaldomagalhaes.com.br\/index.php\/wp-json\/wp\/v2\/media?parent=127746"}],"wp:term":[{"taxonomy":"category","embeddable":true,"href":"https:\/\/blogdoedvaldomagalhaes.com.br\/index.php\/wp-json\/wp\/v2\/categories?post=127746"},{"taxonomy":"post_tag","embeddable":true,"href":"https:\/\/blogdoedvaldomagalhaes.com.br\/index.php\/wp-json\/wp\/v2\/tags?post=127746"}],"curies":[{"name":"wp","href":"https:\/\/api.w.org\/{rel}","templated":true}]}}