{"id":127743,"date":"2026-03-16T09:14:42","date_gmt":"2026-03-16T12:14:42","guid":{"rendered":"https:\/\/blogdoedvaldomagalhaes.com.br\/?p=127743"},"modified":"2026-03-16T10:14:53","modified_gmt":"2026-03-16T13:14:53","slug":"interdicao-parcial-na-br-232-entre-vitoria-de-santo-antao-e-moreno-a-partir-desta-segunda-16","status":"publish","type":"post","link":"https:\/\/blogdoedvaldomagalhaes.com.br\/index.php\/2026\/03\/16\/interdicao-parcial-na-br-232-entre-vitoria-de-santo-antao-e-moreno-a-partir-desta-segunda-16\/","title":{"rendered":"Interdi\u00e7\u00e3o parcial na BR-232 entre Vit\u00f3ria de Santo Ant\u00e3o e Moreno a partir desta segunda (16)"},"content":{"rendered":"<p>O Departamento de Estradas de Rodagem de Pernambuco (DER-PE) informa que, a partir desta segunda-feira (16.03), haver\u00e1 interdi\u00e7\u00e3o parcial em uma das faixas da BR-232, no trecho entre o km 11 e o km 37, entre os munic\u00edpios de Vit\u00f3ria de Santo Ant\u00e3o e Moreno.<br \/>\nOs servi\u00e7os ter\u00e3o in\u00edcio \u00e0s 6h, no km 11, logo ap\u00f3s o trecho de triplica\u00e7\u00e3o da rodovia, no sentido Capital\u2013Interior, avan\u00e7ando posteriormente no sentido inverso. Os trabalhos desta etapa devem seguir at\u00e9 o dia 30 de mar\u00e7o.<br \/>\nA interven\u00e7\u00e3o prev\u00ea a execu\u00e7\u00e3o de microrrevestimento, t\u00e9cnica que consiste na aplica\u00e7\u00e3o de uma nova camada de asfalto sobre o pavimento, exceto nos trechos com placas de concreto.<br \/>\nAt\u00e9 o momento, 286 placas de concreto j\u00e1 foram recuperadas nas imedia\u00e7\u00f5es do viaduto de Bonan\u00e7a, em Moreno, restando ainda 2.049 placas a serem executadas.<br \/>\nAs a\u00e7\u00f5es integram o Plano Anual de Trabalho e Or\u00e7amento (PATO), resultado de conv\u00eanio entre o Governo de Pernambuco, por meio da Secretaria de Mobilidade e Infraestrutura (Semobi) e do DER-PE, com o Governo Federal, atrav\u00e9s do DNIT. O investimento \u00e9 de quase R$ 52 milh\u00f5es, proveniente de emenda da bancada parlamentar de Pernambuco, e o prazo total previsto para execu\u00e7\u00e3o das obras \u00e9 de tr\u00eas anos.<br \/>\nDurante a realiza\u00e7\u00e3o dos servi\u00e7os, equipes de agentes de tr\u00e2nsito do DER estar\u00e3o no local para orientar os condutores e auxiliar na organiza\u00e7\u00e3o do tr\u00e1fego.<br \/>\nO DER-PE orienta os motoristas a redobrarem a aten\u00e7\u00e3o e a respeitarem a sinaliza\u00e7\u00e3o implantada no trecho.<br \/>\nSiga o Instagram @portaledvaldomagalhaes.<br \/>\nFoto da BR-232, cr\u00e9dito: Ascom DER-PE<\/p>\n","protected":false},"excerpt":{"rendered":"<p>O Departamento de Estradas de Rodagem de Pernambuco (DER-PE) informa que, a partir desta segunda-feira (16.03), haver\u00e1 interdi\u00e7\u00e3o parcial em&hellip;<\/p>\n","protected":false},"author":1,"featured_media":127744,"comment_status":"closed","ping_status":"open","sticky":false,"template":"","format":"standard","meta":{"footnotes":""},"categories":[14120],"tags":[13146,36139,34634],"class_list":["post-127743","post","type-post","status-publish","format-standard","has-post-thumbnail","hentry","category-noticias","tag-blog-edvaldo-magalhaes","tag-interdicao-parcial-na-br-232-entre-vitoria-de-santo-antao-e-moreno-a-partir-desta-segunda-16","tag-portal-edvaldo-magalhaes"],"_links":{"self":[{"href":"https:\/\/blogdoedvaldomagalhaes.com.br\/index.php\/wp-json\/wp\/v2\/posts\/127743","targetHints":{"allow":["GET"]}}],"collection":[{"href":"https:\/\/blogdoedvaldomagalhaes.com.br\/index.php\/wp-json\/wp\/v2\/posts"}],"about":[{"href":"https:\/\/blogdoedvaldomagalhaes.com.br\/index.php\/wp-json\/wp\/v2\/types\/post"}],"author":[{"embeddable":true,"href":"https:\/\/blogdoedvaldomagalhaes.com.br\/index.php\/wp-json\/wp\/v2\/users\/1"}],"replies":[{"embeddable":true,"href":"https:\/\/blogdoedvaldomagalhaes.com.br\/index.php\/wp-json\/wp\/v2\/comments?post=127743"}],"version-history":[{"count":2,"href":"https:\/\/blogdoedvaldomagalhaes.com.br\/index.php\/wp-json\/wp\/v2\/posts\/127743\/revisions"}],"predecessor-version":[{"id":127753,"href":"https:\/\/blogdoedvaldomagalhaes.com.br\/index.php\/wp-json\/wp\/v2\/posts\/127743\/revisions\/127753"}],"wp:featuredmedia":[{"embeddable":true,"href":"https:\/\/blogdoedvaldomagalhaes.com.br\/index.php\/wp-json\/wp\/v2\/media\/127744"}],"wp:attachment":[{"href":"https:\/\/blogdoedvaldomagalhaes.com.br\/index.php\/wp-json\/wp\/v2\/media?parent=127743"}],"wp:term":[{"taxonomy":"category","embeddable":true,"href":"https:\/\/blogdoedvaldomagalhaes.com.br\/index.php\/wp-json\/wp\/v2\/categories?post=127743"},{"taxonomy":"post_tag","embeddable":true,"href":"https:\/\/blogdoedvaldomagalhaes.com.br\/index.php\/wp-json\/wp\/v2\/tags?post=127743"}],"curies":[{"name":"wp","href":"https:\/\/api.w.org\/{rel}","templated":true}]}}