{"id":127738,"date":"2026-03-14T12:57:37","date_gmt":"2026-03-14T15:57:37","guid":{"rendered":"https:\/\/blogdoedvaldomagalhaes.com.br\/?p=127738"},"modified":"2026-03-14T13:07:16","modified_gmt":"2026-03-14T16:07:16","slug":"pre-candidato-a-deputado-federal-silvio-nascimento-participa-de-encontro-com-pastores-e-lideres-evangelicos-em-caruaru","status":"publish","type":"post","link":"https:\/\/blogdoedvaldomagalhaes.com.br\/index.php\/2026\/03\/14\/pre-candidato-a-deputado-federal-silvio-nascimento-participa-de-encontro-com-pastores-e-lideres-evangelicos-em-caruaru\/","title":{"rendered":"Pr\u00e9-candidato a deputado federal Silvio Nascimento participa de encontro com pastores e l\u00edderes evang\u00e9licos em Caruaru"},"content":{"rendered":"<p>O pr\u00e9-candidato a deputado federal Silvio Nascimento participou, na manh\u00e3 deste s\u00e1bado (14), de um encontro com pastores e l\u00edderes evang\u00e9licos em Caruaru.<\/p>\n<p>Intitulado \u201cUni\u00e3o e Prop\u00f3sito\u201d, o evento chegou \u00e0 sua 5\u00aa edi\u00e7\u00e3o reunindo dezenas de pastores, mission\u00e1rios e lideran\u00e7as crist\u00e3s de diferentes denomina\u00e7\u00f5es para um momento de comunh\u00e3o, di\u00e1logo e reflex\u00e3o sobre f\u00e9, valores e o papel das igrejas na sociedade.<\/p>\n<p>Durante o caf\u00e9 da manh\u00e3, os participantes compartilharam testemunhos, experi\u00eancias ministeriais e mensagens voltadas ao fortalecimento espiritual e das comunidades locais.<\/p>\n<p>Silvio Nascimento destacou a import\u00e2ncia de iniciativas que promovam a uni\u00e3o entre lideran\u00e7as religiosas e o fortalecimento dos valores comunit\u00e1rios. \u201cEventos como esse t\u00eam grande valor. As experi\u00eancias compartilhadas fortalecem igrejas, comunidades e, consequentemente, toda a sociedade\u201d, afirmou.<\/p>\n<p>O encontro vem se consolidando como um espa\u00e7o de integra\u00e7\u00e3o entre l\u00edderes crist\u00e3os da regi\u00e3o, promovendo di\u00e1logo, fortalecimento da f\u00e9 e reflex\u00e3o sobre os desafios enfrentados pelas igrejas e pela sociedade.<\/p>\n","protected":false},"excerpt":{"rendered":"<p>O pr\u00e9-candidato a deputado federal Silvio Nascimento participou, na manh\u00e3 deste s\u00e1bado (14), de um encontro com pastores e l\u00edderes&hellip;<\/p>\n","protected":false},"author":1,"featured_media":127741,"comment_status":"closed","ping_status":"open","sticky":false,"template":"","format":"standard","meta":{"footnotes":""},"categories":[14122],"tags":[13146,20,34634,36138],"class_list":["post-127738","post","type-post","status-publish","format-standard","has-post-thumbnail","hentry","category-politica","tag-blog-edvaldo-magalhaes","tag-politica","tag-portal-edvaldo-magalhaes","tag-pre-candidato-a-deputado-federal-silvio-nascimento-participa-de-encontro-com-pastores-e-lideres-evangelicos-em-caruaru"],"_links":{"self":[{"href":"https:\/\/blogdoedvaldomagalhaes.com.br\/index.php\/wp-json\/wp\/v2\/posts\/127738","targetHints":{"allow":["GET"]}}],"collection":[{"href":"https:\/\/blogdoedvaldomagalhaes.com.br\/index.php\/wp-json\/wp\/v2\/posts"}],"about":[{"href":"https:\/\/blogdoedvaldomagalhaes.com.br\/index.php\/wp-json\/wp\/v2\/types\/post"}],"author":[{"embeddable":true,"href":"https:\/\/blogdoedvaldomagalhaes.com.br\/index.php\/wp-json\/wp\/v2\/users\/1"}],"replies":[{"embeddable":true,"href":"https:\/\/blogdoedvaldomagalhaes.com.br\/index.php\/wp-json\/wp\/v2\/comments?post=127738"}],"version-history":[{"count":2,"href":"https:\/\/blogdoedvaldomagalhaes.com.br\/index.php\/wp-json\/wp\/v2\/posts\/127738\/revisions"}],"predecessor-version":[{"id":127742,"href":"https:\/\/blogdoedvaldomagalhaes.com.br\/index.php\/wp-json\/wp\/v2\/posts\/127738\/revisions\/127742"}],"wp:featuredmedia":[{"embeddable":true,"href":"https:\/\/blogdoedvaldomagalhaes.com.br\/index.php\/wp-json\/wp\/v2\/media\/127741"}],"wp:attachment":[{"href":"https:\/\/blogdoedvaldomagalhaes.com.br\/index.php\/wp-json\/wp\/v2\/media?parent=127738"}],"wp:term":[{"taxonomy":"category","embeddable":true,"href":"https:\/\/blogdoedvaldomagalhaes.com.br\/index.php\/wp-json\/wp\/v2\/categories?post=127738"},{"taxonomy":"post_tag","embeddable":true,"href":"https:\/\/blogdoedvaldomagalhaes.com.br\/index.php\/wp-json\/wp\/v2\/tags?post=127738"}],"curies":[{"name":"wp","href":"https:\/\/api.w.org\/{rel}","templated":true}]}}