{"id":127735,"date":"2026-03-14T12:27:46","date_gmt":"2026-03-14T15:27:46","guid":{"rendered":"https:\/\/blogdoedvaldomagalhaes.com.br\/?p=127735"},"modified":"2026-03-14T12:27:46","modified_gmt":"2026-03-14T15:27:46","slug":"exposicao-poesia-moldada-o-carnaval-da-nicinha-e-prorrogada-ate-o-dia-16-de-marco","status":"publish","type":"post","link":"https:\/\/blogdoedvaldomagalhaes.com.br\/index.php\/2026\/03\/14\/exposicao-poesia-moldada-o-carnaval-da-nicinha-e-prorrogada-ate-o-dia-16-de-marco\/","title":{"rendered":"Exposi\u00e7\u00e3o &#8220;Poesia Moldada &#8211; O Carnaval da Nicinha&#8221; \u00e9 prorrogada at\u00e9 o dia 16 de mar\u00e7o"},"content":{"rendered":"<p>A exposi\u00e7\u00e3o &#8220;Poesia Moldada &#8211; O Carnaval da Nicinha&#8221; ficar\u00e1 aberta ao p\u00fablico at\u00e9 o dia 16 de mar\u00e7o, no hall da Funda\u00e7\u00e3o de Cultura de Caruaru. O acervo re\u00fane obras da mestra Nicinha Ot\u00edlia, uma das principais representantes da arte do barro e do empreendedorismo feminino no maior centro de artes figurativas das Am\u00e9ricas, o Alto do Moura. <\/p>\n<p>A visita\u00e7\u00e3o do p\u00fablico ocorre de segunda a sexta-feira, das 8h \u00e0s 14h, com pe\u00e7as exclusivas moldadas em barro natural, com destaque para a pureza da mat\u00e9ria-prima, a t\u00e9cnica manual e as texturas da argila. A exposi\u00e7\u00e3o tamb\u00e9m \u00e9 voltada para o fomento \u00e0 economia criativa e valoriza\u00e7\u00e3o ao artesanato local porque os visitantes t\u00eam a oportunidade de adquirir as pe\u00e7as produzidas pela artista. <\/p>\n<p>A exposi\u00e7\u00e3o &#8220;Poesia Moldada &#8211; O Carnaval da Nicinha&#8221; tem o apoio da Prefeitura de Caruaru, por meio da Secretaria de Desenvolvimento Econ\u00f4mico, Turismo, Tecnologia e Economia Criativa (Sedetec) e a Funda\u00e7\u00e3o de Cultura de Caruaru (FCC).<br \/>\nSiga o Instagram @portaledvaldomagalhaes<br \/>\nFoto: Jorge Farias\/ Secom\/ PMC<\/p>\n","protected":false},"excerpt":{"rendered":"<p>A exposi\u00e7\u00e3o &#8220;Poesia Moldada &#8211; O Carnaval da Nicinha&#8221; ficar\u00e1 aberta ao p\u00fablico at\u00e9 o dia 16 de mar\u00e7o, no&hellip;<\/p>\n","protected":false},"author":1,"featured_media":127736,"comment_status":"closed","ping_status":"open","sticky":false,"template":"","format":"standard","meta":{"footnotes":""},"categories":[14120],"tags":[13146,36137,34634],"class_list":["post-127735","post","type-post","status-publish","format-standard","has-post-thumbnail","hentry","category-noticias","tag-blog-edvaldo-magalhaes","tag-exposicao-poesia-moldada-o-carnaval-da-nicinha-e-prorrogada-ate-o-dia-16-de-marco","tag-portal-edvaldo-magalhaes"],"_links":{"self":[{"href":"https:\/\/blogdoedvaldomagalhaes.com.br\/index.php\/wp-json\/wp\/v2\/posts\/127735","targetHints":{"allow":["GET"]}}],"collection":[{"href":"https:\/\/blogdoedvaldomagalhaes.com.br\/index.php\/wp-json\/wp\/v2\/posts"}],"about":[{"href":"https:\/\/blogdoedvaldomagalhaes.com.br\/index.php\/wp-json\/wp\/v2\/types\/post"}],"author":[{"embeddable":true,"href":"https:\/\/blogdoedvaldomagalhaes.com.br\/index.php\/wp-json\/wp\/v2\/users\/1"}],"replies":[{"embeddable":true,"href":"https:\/\/blogdoedvaldomagalhaes.com.br\/index.php\/wp-json\/wp\/v2\/comments?post=127735"}],"version-history":[{"count":1,"href":"https:\/\/blogdoedvaldomagalhaes.com.br\/index.php\/wp-json\/wp\/v2\/posts\/127735\/revisions"}],"predecessor-version":[{"id":127737,"href":"https:\/\/blogdoedvaldomagalhaes.com.br\/index.php\/wp-json\/wp\/v2\/posts\/127735\/revisions\/127737"}],"wp:featuredmedia":[{"embeddable":true,"href":"https:\/\/blogdoedvaldomagalhaes.com.br\/index.php\/wp-json\/wp\/v2\/media\/127736"}],"wp:attachment":[{"href":"https:\/\/blogdoedvaldomagalhaes.com.br\/index.php\/wp-json\/wp\/v2\/media?parent=127735"}],"wp:term":[{"taxonomy":"category","embeddable":true,"href":"https:\/\/blogdoedvaldomagalhaes.com.br\/index.php\/wp-json\/wp\/v2\/categories?post=127735"},{"taxonomy":"post_tag","embeddable":true,"href":"https:\/\/blogdoedvaldomagalhaes.com.br\/index.php\/wp-json\/wp\/v2\/tags?post=127735"}],"curies":[{"name":"wp","href":"https:\/\/api.w.org\/{rel}","templated":true}]}}