{"id":127733,"date":"2026-03-14T12:16:58","date_gmt":"2026-03-14T15:16:58","guid":{"rendered":"https:\/\/blogdoedvaldomagalhaes.com.br\/?p=127733"},"modified":"2026-03-14T12:17:56","modified_gmt":"2026-03-14T15:17:56","slug":"mercado-cultural-casa-rosa-tem-fim-de-semana-com-mpb-e-muito-forro-em-caruaru","status":"publish","type":"post","link":"https:\/\/blogdoedvaldomagalhaes.com.br\/index.php\/2026\/03\/14\/mercado-cultural-casa-rosa-tem-fim-de-semana-com-mpb-e-muito-forro-em-caruaru\/","title":{"rendered":"Mercado Cultural Casa Rosa tem fim de semana com MPB e muito forr\u00f3 em Caruaru"},"content":{"rendered":"<p>O Mercado Cultural Casa Rosa, em Caruaru, preparou uma programa\u00e7\u00e3o especial para este fim de semana, reunindo artistas locais que v\u00e3o tocar da MPB ao forr\u00f3, garantindo m\u00fasica ao vivo e anima\u00e7\u00e3o para o p\u00fablico a partir das 12h.<\/p>\n<p>No s\u00e1bado (14), a programa\u00e7\u00e3o come\u00e7a com o cantor Denninho. Em seguida, Trajano sobe ao palco interpretando grandes sucessos do repert\u00f3rio de Tim Maia. <\/p>\n<p>J\u00e1 no domingo (15), a cantora Bethlee abre a programa\u00e7\u00e3o com muito arrasta-p\u00e9, seguida pela Banda Regis, que encerra a noite com um repert\u00f3rio voltado ao tradicional forr\u00f3 nordestino.<\/p>\n<p>O local tamb\u00e9m conta com 12 estabelecimentos, incluindo cacha\u00e7arias, botecos e petiscarias, al\u00e9m de espa\u00e7o destinado ao p\u00fablico infantil.<\/p>\n<p>Confira a programa\u00e7\u00e3o do final de semana:<\/p>\n<p>S\u00e1bado (14)<br \/>\n13h &#8211; Denninho<br \/>\n15h &#8211; Trajano toca Tim Maia<\/p>\n<p>Domingo (15)<br \/>\n13h &#8211; Bethlee<br \/>\n15h &#8211; Banda Regis<br \/>\nSiga o Instagram @portaledvaldomagalhaes<br \/>\nFoto: Divulga\u00e7\u00e3o <\/p>\n","protected":false},"excerpt":{"rendered":"<p>O Mercado Cultural Casa Rosa, em Caruaru, preparou uma programa\u00e7\u00e3o especial para este fim de semana, reunindo artistas locais que&hellip;<\/p>\n","protected":false},"author":1,"featured_media":126316,"comment_status":"closed","ping_status":"open","sticky":false,"template":"","format":"standard","meta":{"footnotes":""},"categories":[14120],"tags":[13146,36136,34634],"class_list":["post-127733","post","type-post","status-publish","format-standard","has-post-thumbnail","hentry","category-noticias","tag-blog-edvaldo-magalhaes","tag-mercado-cultural-casa-rosa-tem-fim-de-semana-com-mpb-e-muito-forro-em-caruaru","tag-portal-edvaldo-magalhaes"],"_links":{"self":[{"href":"https:\/\/blogdoedvaldomagalhaes.com.br\/index.php\/wp-json\/wp\/v2\/posts\/127733","targetHints":{"allow":["GET"]}}],"collection":[{"href":"https:\/\/blogdoedvaldomagalhaes.com.br\/index.php\/wp-json\/wp\/v2\/posts"}],"about":[{"href":"https:\/\/blogdoedvaldomagalhaes.com.br\/index.php\/wp-json\/wp\/v2\/types\/post"}],"author":[{"embeddable":true,"href":"https:\/\/blogdoedvaldomagalhaes.com.br\/index.php\/wp-json\/wp\/v2\/users\/1"}],"replies":[{"embeddable":true,"href":"https:\/\/blogdoedvaldomagalhaes.com.br\/index.php\/wp-json\/wp\/v2\/comments?post=127733"}],"version-history":[{"count":1,"href":"https:\/\/blogdoedvaldomagalhaes.com.br\/index.php\/wp-json\/wp\/v2\/posts\/127733\/revisions"}],"predecessor-version":[{"id":127734,"href":"https:\/\/blogdoedvaldomagalhaes.com.br\/index.php\/wp-json\/wp\/v2\/posts\/127733\/revisions\/127734"}],"wp:featuredmedia":[{"embeddable":true,"href":"https:\/\/blogdoedvaldomagalhaes.com.br\/index.php\/wp-json\/wp\/v2\/media\/126316"}],"wp:attachment":[{"href":"https:\/\/blogdoedvaldomagalhaes.com.br\/index.php\/wp-json\/wp\/v2\/media?parent=127733"}],"wp:term":[{"taxonomy":"category","embeddable":true,"href":"https:\/\/blogdoedvaldomagalhaes.com.br\/index.php\/wp-json\/wp\/v2\/categories?post=127733"},{"taxonomy":"post_tag","embeddable":true,"href":"https:\/\/blogdoedvaldomagalhaes.com.br\/index.php\/wp-json\/wp\/v2\/tags?post=127733"}],"curies":[{"name":"wp","href":"https:\/\/api.w.org\/{rel}","templated":true}]}}