{"id":127724,"date":"2026-03-14T11:47:26","date_gmt":"2026-03-14T14:47:26","guid":{"rendered":"https:\/\/blogdoedvaldomagalhaes.com.br\/?p=127724"},"modified":"2026-03-14T11:47:26","modified_gmt":"2026-03-14T14:47:26","slug":"caruaru-avanca-no-suporte-a-politica-nacional-aldir-blanc-com-2o-plantao-tira-duvidas","status":"publish","type":"post","link":"https:\/\/blogdoedvaldomagalhaes.com.br\/index.php\/2026\/03\/14\/caruaru-avanca-no-suporte-a-politica-nacional-aldir-blanc-com-2o-plantao-tira-duvidas\/","title":{"rendered":"Caruaru avan\u00e7a no suporte \u00e0 Pol\u00edtica Nacional Aldir Blanc com 2\u00ba plant\u00e3o tira d\u00favidas"},"content":{"rendered":"<p>Caruaru avan\u00e7a no suporte \u00e0 Pol\u00edtica Nacional Aldir Blanc com 2\u00ba plant\u00e3o tira d\u00favidas<br \/>\n_Equipe da Funda\u00e7\u00e3o de Cultura estar\u00e1 dispon\u00edvel para esclarecer d\u00favidas e orientar inscri\u00e7\u00f5es do Ciclo 2_<\/p>\n<p>Ser\u00e1 realizado na pr\u00f3xima ter\u00e7a-feira (17), o 2\u00ba plant\u00e3o tira d\u00favidas sobre os editais da Pol\u00edtica Nacional Aldir Blanc (PNAB) \u2013 Ciclo 2. A a\u00e7\u00e3o ser\u00e1 realizada pela Funda\u00e7\u00e3o de Cultura de Caruaru no 1\u00ba andar da Esta\u00e7\u00e3o Ferrovi\u00e1ria.<\/p>\n<p>O objetivo \u00e9 orientar artistas, produtores culturais e demais agentes da cultura interessados em participar dos editais, para isso o atendimento acontecer\u00e1 em dois hor\u00e1rios, das 9h \u00e0s 12h e das 14h \u00e0s 17h.<\/p>\n<p>Durante o plant\u00e3o, a equipe da Funda\u00e7\u00e3o de Cultura estar\u00e1 dispon\u00edvel para esclarecer d\u00favidas sobre os processos de inscri\u00e7\u00e3o, crit\u00e9rios de participa\u00e7\u00e3o, documenta\u00e7\u00e3o e demais etapas previstas nos chamamentos p\u00fablicos do ciclo atual da pol\u00edtica cultural.<br \/>\nSiga o Instagram @portaledvaldomagalhaes<br \/>\nFoto: Divulga\u00e7\u00e3o <\/p>\n","protected":false},"excerpt":{"rendered":"<p>Caruaru avan\u00e7a no suporte \u00e0 Pol\u00edtica Nacional Aldir Blanc com 2\u00ba plant\u00e3o tira d\u00favidas _Equipe da Funda\u00e7\u00e3o de Cultura estar\u00e1&hellip;<\/p>\n","protected":false},"author":1,"featured_media":127725,"comment_status":"closed","ping_status":"open","sticky":false,"template":"","format":"standard","meta":{"footnotes":""},"categories":[14120],"tags":[13146,36133,34634],"class_list":["post-127724","post","type-post","status-publish","format-standard","has-post-thumbnail","hentry","category-noticias","tag-blog-edvaldo-magalhaes","tag-caruaru-avanca-no-suporte-a-politica-nacional-aldir-blanc-com-2o-plantao-tira-duvidas","tag-portal-edvaldo-magalhaes"],"_links":{"self":[{"href":"https:\/\/blogdoedvaldomagalhaes.com.br\/index.php\/wp-json\/wp\/v2\/posts\/127724","targetHints":{"allow":["GET"]}}],"collection":[{"href":"https:\/\/blogdoedvaldomagalhaes.com.br\/index.php\/wp-json\/wp\/v2\/posts"}],"about":[{"href":"https:\/\/blogdoedvaldomagalhaes.com.br\/index.php\/wp-json\/wp\/v2\/types\/post"}],"author":[{"embeddable":true,"href":"https:\/\/blogdoedvaldomagalhaes.com.br\/index.php\/wp-json\/wp\/v2\/users\/1"}],"replies":[{"embeddable":true,"href":"https:\/\/blogdoedvaldomagalhaes.com.br\/index.php\/wp-json\/wp\/v2\/comments?post=127724"}],"version-history":[{"count":1,"href":"https:\/\/blogdoedvaldomagalhaes.com.br\/index.php\/wp-json\/wp\/v2\/posts\/127724\/revisions"}],"predecessor-version":[{"id":127726,"href":"https:\/\/blogdoedvaldomagalhaes.com.br\/index.php\/wp-json\/wp\/v2\/posts\/127724\/revisions\/127726"}],"wp:featuredmedia":[{"embeddable":true,"href":"https:\/\/blogdoedvaldomagalhaes.com.br\/index.php\/wp-json\/wp\/v2\/media\/127725"}],"wp:attachment":[{"href":"https:\/\/blogdoedvaldomagalhaes.com.br\/index.php\/wp-json\/wp\/v2\/media?parent=127724"}],"wp:term":[{"taxonomy":"category","embeddable":true,"href":"https:\/\/blogdoedvaldomagalhaes.com.br\/index.php\/wp-json\/wp\/v2\/categories?post=127724"},{"taxonomy":"post_tag","embeddable":true,"href":"https:\/\/blogdoedvaldomagalhaes.com.br\/index.php\/wp-json\/wp\/v2\/tags?post=127724"}],"curies":[{"name":"wp","href":"https:\/\/api.w.org\/{rel}","templated":true}]}}