{"id":127721,"date":"2026-03-14T11:34:40","date_gmt":"2026-03-14T14:34:40","guid":{"rendered":"https:\/\/blogdoedvaldomagalhaes.com.br\/?p=127721"},"modified":"2026-03-14T19:38:14","modified_gmt":"2026-03-14T22:38:14","slug":"caruaru-apresentara-experiencia-exitosa-em-saude-publica-em-mostra-nacional-em-brasilia","status":"publish","type":"post","link":"https:\/\/blogdoedvaldomagalhaes.com.br\/index.php\/2026\/03\/14\/caruaru-apresentara-experiencia-exitosa-em-saude-publica-em-mostra-nacional-em-brasilia\/","title":{"rendered":"Caruaru apresentar\u00e1 experi\u00eancia exitosa em sa\u00fade p\u00fablica em mostra nacional em Bras\u00edlia"},"content":{"rendered":"<p>O munic\u00edpio de Caruaru ter\u00e1 uma experi\u00eancia em sa\u00fade p\u00fablica apresentada nacionalmente durante a 2\u00aa Mostra Nacional \u201cMais Sa\u00fade com Agente\u201d, que ser\u00e1 realizada nos dias 18 e 19 de mar\u00e7o, em Bras\u00edlia (DF).<\/p>\n<p>A iniciativa foi desenvolvida pelos Agentes de Combate \u00e0s Endemias Anderson Carvalho e In\u00e1cio Pereira Duque Neto e apresentada ao secret\u00e1rio municipal de Sa\u00fade, Matheus Eduardo de Lima Neves, durante reuni\u00e3o realizada na \u00faltima ter\u00e7a-feira (10).<\/p>\n<p>Intitulada \u201cAten\u00e7\u00e3o Integral \u00e0 Sa\u00fade da Popula\u00e7\u00e3o Negra e Forma\u00e7\u00e3o Antirracista dos Agentes Comunit\u00e1rios de Sa\u00fade e Agentes de Combate \u00e0s Endemias em Caruaru\u201d, a experi\u00eancia foi selecionada para compor a programa\u00e7\u00e3o do evento, que re\u00fane pr\u00e1ticas exitosas desenvolvidas em diferentes munic\u00edpios do pa\u00eds.<\/p>\n<p>\u201cO projeto destaca a\u00e7\u00f5es voltadas \u00e0 promo\u00e7\u00e3o da equidade em sa\u00fade, ao enfrentamento do racismo institucional e ao fortalecimento da integra\u00e7\u00e3o entre a Aten\u00e7\u00e3o Prim\u00e1ria \u00e0 Sa\u00fade e a Vigil\u00e2ncia em Sa\u00fade, ampliando a atua\u00e7\u00e3o dos profissionais no territ\u00f3rio e contribuindo para um atendimento mais humanizado no Sistema \u00danico de Sa\u00fade (SUS), afirmou o secret\u00e1rio de sa\u00fade, Matheus Neves.<\/p>\n<p>A Mostra \u201cMais Sa\u00fade com Agente\u201d \u00e9 promovida pelo Conselho Nacional de Secretarias Municipais de Sa\u00fade (Conasems), em parceria com o Minist\u00e9rio da Sa\u00fade, a Universidade Federal do Rio Grande do Sul (UFRGS) e Escolas de Sa\u00fade P\u00fablica. O evento tem como objetivo reconhecer e divulgar experi\u00eancias desenvolvidas por profissionais que atuam diretamente no territ\u00f3rio, fortalecendo as a\u00e7\u00f5es do SUS em todo o pa\u00eds.<br \/>\nSiga o Instagram @portaledvaldomagalhaes<br \/>\nFoto: Divulga\u00e7\u00e3o <\/p>\n","protected":false},"excerpt":{"rendered":"<p>O munic\u00edpio de Caruaru ter\u00e1 uma experi\u00eancia em sa\u00fade p\u00fablica apresentada nacionalmente durante a 2\u00aa Mostra Nacional \u201cMais Sa\u00fade com&hellip;<\/p>\n","protected":false},"author":1,"featured_media":127722,"comment_status":"closed","ping_status":"open","sticky":false,"template":"","format":"standard","meta":{"footnotes":""},"categories":[14122],"tags":[13146,36132,34634],"class_list":["post-127721","post","type-post","status-publish","format-standard","has-post-thumbnail","hentry","category-politica","tag-blog-edvaldo-magalhaes","tag-caruaru-apresentara-experiencia-exitosa-em-saude-publica-em-mostra-nacional-em-brasilia","tag-portal-edvaldo-magalhaes"],"_links":{"self":[{"href":"https:\/\/blogdoedvaldomagalhaes.com.br\/index.php\/wp-json\/wp\/v2\/posts\/127721","targetHints":{"allow":["GET"]}}],"collection":[{"href":"https:\/\/blogdoedvaldomagalhaes.com.br\/index.php\/wp-json\/wp\/v2\/posts"}],"about":[{"href":"https:\/\/blogdoedvaldomagalhaes.com.br\/index.php\/wp-json\/wp\/v2\/types\/post"}],"author":[{"embeddable":true,"href":"https:\/\/blogdoedvaldomagalhaes.com.br\/index.php\/wp-json\/wp\/v2\/users\/1"}],"replies":[{"embeddable":true,"href":"https:\/\/blogdoedvaldomagalhaes.com.br\/index.php\/wp-json\/wp\/v2\/comments?post=127721"}],"version-history":[{"count":1,"href":"https:\/\/blogdoedvaldomagalhaes.com.br\/index.php\/wp-json\/wp\/v2\/posts\/127721\/revisions"}],"predecessor-version":[{"id":127723,"href":"https:\/\/blogdoedvaldomagalhaes.com.br\/index.php\/wp-json\/wp\/v2\/posts\/127721\/revisions\/127723"}],"wp:featuredmedia":[{"embeddable":true,"href":"https:\/\/blogdoedvaldomagalhaes.com.br\/index.php\/wp-json\/wp\/v2\/media\/127722"}],"wp:attachment":[{"href":"https:\/\/blogdoedvaldomagalhaes.com.br\/index.php\/wp-json\/wp\/v2\/media?parent=127721"}],"wp:term":[{"taxonomy":"category","embeddable":true,"href":"https:\/\/blogdoedvaldomagalhaes.com.br\/index.php\/wp-json\/wp\/v2\/categories?post=127721"},{"taxonomy":"post_tag","embeddable":true,"href":"https:\/\/blogdoedvaldomagalhaes.com.br\/index.php\/wp-json\/wp\/v2\/tags?post=127721"}],"curies":[{"name":"wp","href":"https:\/\/api.w.org\/{rel}","templated":true}]}}