{"id":127715,"date":"2026-03-13T22:09:00","date_gmt":"2026-03-14T01:09:00","guid":{"rendered":"https:\/\/blogdoedvaldomagalhaes.com.br\/?p=127715"},"modified":"2026-03-13T22:09:00","modified_gmt":"2026-03-14T01:09:00","slug":"projeto-de-lei-do-vereador-joao-neto-obriga-cercamento-e-manutencao-de-terrenos-baldios-para-coibir-o-descarte-irregular-de-lixo-e-entulhos","status":"publish","type":"post","link":"https:\/\/blogdoedvaldomagalhaes.com.br\/index.php\/2026\/03\/13\/projeto-de-lei-do-vereador-joao-neto-obriga-cercamento-e-manutencao-de-terrenos-baldios-para-coibir-o-descarte-irregular-de-lixo-e-entulhos\/","title":{"rendered":"Projeto de Lei do vereador Jo\u00e3o Neto obriga cercamento e manuten\u00e7\u00e3o de terrenos baldios para coibir o descarte irregular de lixo e entulhos"},"content":{"rendered":"<p>Projeto de Lei de autoria do vereador Jo\u00e3o Neto disp\u00f5e sobre a obrigatoriedade de cercamento e manuten\u00e7\u00e3o de terrenos baldios no Munic\u00edpio, com o<br \/>\nobjetivo de coibir o descarte<br \/>\nirregular de lixo e entulhos,<br \/>\nprevenir riscos \u00e0 sa\u00fade p\u00fablica e \u00e0 seguran\u00e7a da popula\u00e7\u00e3o, e d\u00e1 outras provid\u00eancias.<br \/>\nFicam os propriet\u00e1rios, possuidores ou respons\u00e1veis por terrenos baldios localizados<br \/>\nna zona urbana do Munic\u00edpio obrigados a promover o devido cercamento, bem como a<br \/>\nmanuten\u00e7\u00e3o peri\u00f3dica dos respectivos im\u00f3veis.<br \/>\nPara os fins desta Lei, considera-se:<br \/>\nI \u2013 terreno baldio: todo im\u00f3vel n\u00e3o edificado ou n\u00e3o utilizado que se encontre desocupado;<br \/>\nII \u2013 manuten\u00e7\u00e3o peri\u00f3dica: a limpeza regular, com capina\u00e7\u00e3o, retirada de lixo, entulhos e<br \/>\nquaisquer materiais que possam acumular \u00e1gua ou servir de abrigo para animais e vetores de doen\u00e7as.<br \/>\nArt. 3\u00ba \u2013 O cercamento dever\u00e1 ser realizado de forma adequada, garantindo a delimita\u00e7\u00e3o do im\u00f3vel e impedindo o acesso indevido de pessoas e o descarte irregular de res\u00edduos.<br \/>\nArt. 4\u00ba \u2013 Constatado o descumprimento do disposto nesta Lei, o propriet\u00e1rio ser\u00e1 notificado para regularizar a situa\u00e7\u00e3o no prazo de at\u00e9 30 (trinta) dias.<br \/>\nArt. 5\u00ba \u2013 Decorrido o prazo sem a devida regulariza\u00e7\u00e3o, o infrator ficar\u00e1 sujeito:<br \/>\nI \u2013 \u00e0 aplica\u00e7\u00e3o de multa, conforme valores a serem definidos pelo Poder Executivo em regulamento;<br \/>\nII \u2013 \u00e0 execu\u00e7\u00e3o dos servi\u00e7os de limpeza pelo Munic\u00edpio, com posterior cobran\u00e7a dos custos ao propriet\u00e1rio, acrescidos das penalidades cab\u00edveis.<br \/>\nArt. 6\u00ba \u2013 O Poder Executivo poder\u00e1 regulamentar a presente Lei no que couber, estabelecendo<br \/>\ncrit\u00e9rios t\u00e9cnicos, valores de multa e procedimentos de fiscaliza\u00e7\u00e3o.<br \/>\nArt. 7\u00ba \u2013 Esta Lei entra em vigor na data de sua publica\u00e7\u00e3o.<br \/>\n&#8220;A finalidade da propositura \u00e9 estabelecer a obrigatoriedade de que os propriet\u00e1rios de<br \/>\nterrenos baldios, localizados na zona urbana do Munic\u00edpio, realizem o devido cercamento e<br \/>\nmanuten\u00e7\u00e3o peri\u00f3dica de seus im\u00f3veis, como forma de evitar o descarte irregular de lixo e entulhos por parte da popula\u00e7\u00e3o&#8221;, afirmou o vereador Jo\u00e3o Neto.<br \/>\n&#8220;\u00c9 de conhecimento p\u00fablico que diversos terrenos abertos e sem qualquer tipo de delimita\u00e7\u00e3o<br \/>\nv\u00eam sendo utilizados de maneira indevida para o despejo clandestino de res\u00edduos s\u00f3lidos, restos de constru\u00e7\u00e3o civil, m\u00f3veis inserv\u00edveis e lixo dom\u00e9stico. Tal pr\u00e1tica, al\u00e9m de comprometer a est\u00e9tica<br \/>\nurbana, representa grave risco \u00e0 sa\u00fade p\u00fablica, contribuindo para a prolifera\u00e7\u00e3o de insetos e animais pe\u00e7onhentos. Ademais, terrenos abandonados e sem cercamento adequado favorecem a inseguran\u00e7a, podendo servir como esconderijo para pr\u00e1ticas il\u00edcitas, al\u00e9m de gerar transtornos aos moradores vizinhos, que convivem diariamente com mau cheiro, polui\u00e7\u00e3o visual e risco sanit\u00e1rio. Ressalta-se que a responsabilidade pela manuten\u00e7\u00e3o do im\u00f3vel \u00e9 inerente ao direito de propriedade, devendo o mesmo cumprir sua fun\u00e7\u00e3o social, conforme preceitua a legisla\u00e7\u00e3o vigente.<br \/>\nO cercamento adequado e a conserva\u00e7\u00e3o peri\u00f3dica configuram medidas simples, por\u00e9m eficazes, na preven\u00e7\u00e3o de problemas ambientais e de sa\u00fade coletiva.<br \/>\nDessa forma, o presente<br \/>\nSiga o Instagram @portaledvaldomagalhaes<br \/>\nFoto: Vladimir Barreto <\/p>\n","protected":false},"excerpt":{"rendered":"<p>Projeto de Lei de autoria do vereador Jo\u00e3o Neto disp\u00f5e sobre a obrigatoriedade de cercamento e manuten\u00e7\u00e3o de terrenos baldios&hellip;<\/p>\n","protected":false},"author":1,"featured_media":124835,"comment_status":"closed","ping_status":"open","sticky":false,"template":"","format":"standard","meta":{"footnotes":""},"categories":[14122],"tags":[13146,20,34634,36130],"class_list":["post-127715","post","type-post","status-publish","format-standard","has-post-thumbnail","hentry","category-politica","tag-blog-edvaldo-magalhaes","tag-politica","tag-portal-edvaldo-magalhaes","tag-projeto-de-lei-do-vereador-joao-neto-obriga-cercamento-e-manutencao-de-terrenos-baldios-para-coibir-o-descarte-irregular-de-lixo-e-entulhos"],"_links":{"self":[{"href":"https:\/\/blogdoedvaldomagalhaes.com.br\/index.php\/wp-json\/wp\/v2\/posts\/127715","targetHints":{"allow":["GET"]}}],"collection":[{"href":"https:\/\/blogdoedvaldomagalhaes.com.br\/index.php\/wp-json\/wp\/v2\/posts"}],"about":[{"href":"https:\/\/blogdoedvaldomagalhaes.com.br\/index.php\/wp-json\/wp\/v2\/types\/post"}],"author":[{"embeddable":true,"href":"https:\/\/blogdoedvaldomagalhaes.com.br\/index.php\/wp-json\/wp\/v2\/users\/1"}],"replies":[{"embeddable":true,"href":"https:\/\/blogdoedvaldomagalhaes.com.br\/index.php\/wp-json\/wp\/v2\/comments?post=127715"}],"version-history":[{"count":1,"href":"https:\/\/blogdoedvaldomagalhaes.com.br\/index.php\/wp-json\/wp\/v2\/posts\/127715\/revisions"}],"predecessor-version":[{"id":127716,"href":"https:\/\/blogdoedvaldomagalhaes.com.br\/index.php\/wp-json\/wp\/v2\/posts\/127715\/revisions\/127716"}],"wp:featuredmedia":[{"embeddable":true,"href":"https:\/\/blogdoedvaldomagalhaes.com.br\/index.php\/wp-json\/wp\/v2\/media\/124835"}],"wp:attachment":[{"href":"https:\/\/blogdoedvaldomagalhaes.com.br\/index.php\/wp-json\/wp\/v2\/media?parent=127715"}],"wp:term":[{"taxonomy":"category","embeddable":true,"href":"https:\/\/blogdoedvaldomagalhaes.com.br\/index.php\/wp-json\/wp\/v2\/categories?post=127715"},{"taxonomy":"post_tag","embeddable":true,"href":"https:\/\/blogdoedvaldomagalhaes.com.br\/index.php\/wp-json\/wp\/v2\/tags?post=127715"}],"curies":[{"name":"wp","href":"https:\/\/api.w.org\/{rel}","templated":true}]}}