{"id":127707,"date":"2026-03-13T21:03:41","date_gmt":"2026-03-14T00:03:41","guid":{"rendered":"https:\/\/blogdoedvaldomagalhaes.com.br\/?p=127707"},"modified":"2026-03-13T21:13:15","modified_gmt":"2026-03-14T00:13:15","slug":"governadora-raquel-lyra-anuncia-ampliacao-do-programa-leite-para-todos","status":"publish","type":"post","link":"https:\/\/blogdoedvaldomagalhaes.com.br\/index.php\/2026\/03\/13\/governadora-raquel-lyra-anuncia-ampliacao-do-programa-leite-para-todos\/","title":{"rendered":"Governadora Raquel Lyra anuncia amplia\u00e7\u00e3o do programa Leite para Todos"},"content":{"rendered":"Durante a ExpoGaranhuns, no munic\u00edpio do Agreste, a governadora Raquel Lyra anunciou, nesta sexta-feira (13), a amplia\u00e7\u00e3o do programa Leite para Todos, iniciativa voltada ao fortalecimento da agricultura familiar e ao combate \u00e0 inseguran\u00e7a alimentar. Com investimento de R$ 11 milh\u00f5es, a nova etapa amplia a opera\u00e7\u00e3o do programa, dobrando a quantidade de leite distribu\u00eddo para a popula\u00e7\u00e3o de 12 mil litros por dia para 24 mil. A partir de agora, mais 22 munic\u00edpios ser\u00e3o beneficiados, chegando a 51 cidades. Assim, a previs\u00e3o \u00e9 de alcan\u00e7ar aproximadamente 100 mil pessoas beneficiadas por dia. Acompanhada da vice-governadora Priscila Krause e prefeitos da regi\u00e3o, a governadora tamb\u00e9m entregou tr\u00eas novos tratores para refor\u00e7ar o apoio ao setor da agropecu\u00e1ria e tr\u00eas \u00f4nibus escolares.\n&#8220;Pernambuco voltou a ter a maior bacia leiteira do Nordeste. \u00c9 claro que tem pol\u00edtica p\u00fablica envolvida nisso, a partir do momento em que trabalhamos a diminui\u00e7\u00e3o da tributa\u00e7\u00e3o, tornando o ambiente de neg\u00f3cio favor\u00e1vel, voltam programas como o do Leite em Pernambuco, do jeito certo, pagando antes. Isso fortalece os pequenos produtores e as pessoas em vulnerabilidade social. Hoje tamb\u00e9m \u00e9 um grande encontro nesta feira, uma rodada de neg\u00f3cios, aqui tem 30 expositores, mais de 60 criadores, mais de 300 animais, com gente do Nordeste inteiro acreditando na nossa pot\u00eancia\u201d, afirmou a governadora Raquel Lyra.\nO alimento \u00e9 entregue, em parceria com a Secretaria de Assist\u00eancia Social, Combate \u00e0 Fome e Pol\u00edticas sobre Drogas, a fam\u00edlias em situa\u00e7\u00e3o de vulnerabilidade social, inscritas no Cad\u00danico. Com o programa, o Governo tamb\u00e9m assegura gera\u00e7\u00e3o de renda aos pequenos produtores, pois o leite \u00e9 comprado a eles a R$ 2,60 o litro, pago pela gest\u00e3o estadual\n\u201cDe um lado retiramos impostos que incidiam sobre a cadeia leiteira e, de outro, passamos a comprar a produ\u00e7\u00e3o do pequeno produtor para distribuir para quem precisa. Estamos pagando o pre\u00e7o pelo litro de leite acima do valor praticado no mercado, que gira em torno de R$ 2,05 a R$ 2,10. Isso ajudou a reerguer e potencializar a bacia leiteira de Pernambuco\u201d, acrescentou o secret\u00e1rio de Desenvolvimento Agr\u00e1rio, Agricultura, Pecu\u00e1rio e Pesca, C\u00edcero Moraes.\nDesde a retomada do programa, em julho de 2024, a iniciativa j\u00e1 beneficiou 565 produtores rurais, com a aquisi\u00e7\u00e3o de mais de 4,8 milh\u00f5es de litros de leite de cabra e de vaca. A benefici\u00e1ria Luana Brito refor\u00e7ou o significado e o alcance do Leite para Todos. \u201c\u00c9 um programa muito importante para todas as cidades, mas principalmente n\u00f3s, m\u00e3es at\u00edpicas, com filhos com seletividade alimentar. Ajuda muito mesmo\u201d, disse.\nDurante a agenda, tamb\u00e9m foi feita a entrega de tr\u00eas \u00f4nibus escolares para o munic\u00edpio de Garanhuns e tr\u00eas tratores distribu\u00eddos entre os munic\u00edpios de Jurema, Salo\u00e1 e Terezinha. Presente no evento, o deputado estadual Izaias R\u00e9gis destacou o apoio do Executivo para a feira e a import\u00e2ncia da amplia\u00e7\u00e3o do programa. \u201cSem o Governo de Pernambuco, n\u00f3s n\u00e3o ter\u00edamos feito essa feira e essas entregas s\u00e3o mais um complemento. Isso demonstra o Governo com credibilidade e compromisso com a nossa regi\u00e3o\u201d, afirmou o deputado.\nExpoGaranhuns &#8211; A ExpoGaranhuns, uma feira agropecu\u00e1ria da regi\u00e3o do Agreste Meridional, recebeu um aporte de R$ 1,3 milh\u00e3o do Estado. No local, a chefe do Executivo estadual visitou estandes, conversou com vendedores e refor\u00e7ou a realiza\u00e7\u00e3o da exposi\u00e7\u00e3o para incentivar o desenvolvimento da cadeia produtiva agropecu\u00e1ria no Agreste.\nTamb\u00e9m estiveram presentes o secret\u00e1rio de Estado Andr\u00e9 Teixeira Filho (Mobilidade e Infraestrutura) e Eduardo Vieira (chefe do Gabinete da Governadora), o diretor do Instituto Agron\u00f4mico de Pernambuco (IPA), Miguel Duque; os deputados estaduais Doriel Barros, Luciano Duque, D\u00e9bora Almeida, Claudiano Filho e Dannilo Godoy. Al\u00e9m desses, os prefeitos Henrique Gois (Paranatama), Junior de Rivaldo (Salo\u00e1), Nivaldo Tirri (Caet\u00e9s), Sandra Paes (Canhotinho), Edson Quebra Santo (Lagoa do Ouro), Z\u00e9 Elias Filho (Cal\u00e7ado) e Alexandre Batit\u00e9 (S\u00e3o Bento do Una). \nSiga o Instagram @portaledvaldomagalhaes\nFotos: Hes\u00edodo G\u00f3es\/Secom\n\n\n<p><\/p>\n","protected":false},"excerpt":{"rendered":"<p>Durante a ExpoGaranhuns, no munic\u00edpio do Agreste, a governadora Raquel Lyra anunciou, nesta sexta-feira (13), a amplia\u00e7\u00e3o do programa Leite&hellip;<\/p>\n","protected":false},"author":1,"featured_media":127712,"comment_status":"closed","ping_status":"open","sticky":false,"template":"","format":"standard","meta":{"footnotes":""},"categories":[14122],"tags":[13146,36129,20,34634],"class_list":["post-127707","post","type-post","status-publish","format-standard","has-post-thumbnail","hentry","category-politica","tag-blog-edvaldo-magalhaes","tag-governadora-raquel-lyra-anuncia-ampliacao-do-programa-leite-para-todos","tag-politica","tag-portal-edvaldo-magalhaes"],"_links":{"self":[{"href":"https:\/\/blogdoedvaldomagalhaes.com.br\/index.php\/wp-json\/wp\/v2\/posts\/127707","targetHints":{"allow":["GET"]}}],"collection":[{"href":"https:\/\/blogdoedvaldomagalhaes.com.br\/index.php\/wp-json\/wp\/v2\/posts"}],"about":[{"href":"https:\/\/blogdoedvaldomagalhaes.com.br\/index.php\/wp-json\/wp\/v2\/types\/post"}],"author":[{"embeddable":true,"href":"https:\/\/blogdoedvaldomagalhaes.com.br\/index.php\/wp-json\/wp\/v2\/users\/1"}],"replies":[{"embeddable":true,"href":"https:\/\/blogdoedvaldomagalhaes.com.br\/index.php\/wp-json\/wp\/v2\/comments?post=127707"}],"version-history":[{"count":4,"href":"https:\/\/blogdoedvaldomagalhaes.com.br\/index.php\/wp-json\/wp\/v2\/posts\/127707\/revisions"}],"predecessor-version":[{"id":127713,"href":"https:\/\/blogdoedvaldomagalhaes.com.br\/index.php\/wp-json\/wp\/v2\/posts\/127707\/revisions\/127713"}],"wp:featuredmedia":[{"embeddable":true,"href":"https:\/\/blogdoedvaldomagalhaes.com.br\/index.php\/wp-json\/wp\/v2\/media\/127712"}],"wp:attachment":[{"href":"https:\/\/blogdoedvaldomagalhaes.com.br\/index.php\/wp-json\/wp\/v2\/media?parent=127707"}],"wp:term":[{"taxonomy":"category","embeddable":true,"href":"https:\/\/blogdoedvaldomagalhaes.com.br\/index.php\/wp-json\/wp\/v2\/categories?post=127707"},{"taxonomy":"post_tag","embeddable":true,"href":"https:\/\/blogdoedvaldomagalhaes.com.br\/index.php\/wp-json\/wp\/v2\/tags?post=127707"}],"curies":[{"name":"wp","href":"https:\/\/api.w.org\/{rel}","templated":true}]}}