{"id":127704,"date":"2026-03-13T20:48:54","date_gmt":"2026-03-13T23:48:54","guid":{"rendered":"https:\/\/blogdoedvaldomagalhaes.com.br\/?p=127704"},"modified":"2026-03-13T20:48:54","modified_gmt":"2026-03-13T23:48:54","slug":"pernambuco-abre-selecao-para-contratacao-temporaria-de-831-profissionais-na-area-de-saude","status":"publish","type":"post","link":"https:\/\/blogdoedvaldomagalhaes.com.br\/index.php\/2026\/03\/13\/pernambuco-abre-selecao-para-contratacao-temporaria-de-831-profissionais-na-area-de-saude\/","title":{"rendered":"Pernambuco abre sele\u00e7\u00e3o para contrata\u00e7\u00e3o tempor\u00e1ria de 831 profissionais na \u00e1rea de sa\u00fade"},"content":{"rendered":"<p>A Secretaria de Sa\u00fade de Pernambuco abriu sele\u00e7\u00e3o p\u00fablica simplificada para a contrata\u00e7\u00e3o tempor\u00e1ria de 831 profissionais de n\u00edveis superior e t\u00e9cnico, incluindo m\u00e9dicos de diversas especialidades, analistas e assistentes em sa\u00fade, entre outras \u00e1reas. As inscri\u00e7\u00f5es foram abertas nesta sexta-feira (13) e podem ser realizadas at\u00e9 27 de mar\u00e7o, no endere\u00e7o\u00a0selecionases.saude.pe.gov.br<br \/>\nAs remunera\u00e7\u00f5es variam de R$ 1.621,00 a R$ 12.366,61, com carga hor\u00e1ria definida de acordo com a fun\u00e7\u00e3o. Os contratos ter\u00e3o dura\u00e7\u00e3o de at\u00e9 12 meses, podendo ser renovados. A sele\u00e7\u00e3o ser\u00e1 realizada em etapa \u00fanica classificat\u00f3ria e eliminat\u00f3ria, de avalia\u00e7\u00e3o curricular.<br \/>\nSiga o Instagram @portaledvaldomagalhaes<br \/>\nFoto: Miva Filho<\/p>\n","protected":false},"excerpt":{"rendered":"<p>A Secretaria de Sa\u00fade de Pernambuco abriu sele\u00e7\u00e3o p\u00fablica simplificada para a contrata\u00e7\u00e3o tempor\u00e1ria de 831 profissionais de n\u00edveis superior&hellip;<\/p>\n","protected":false},"author":1,"featured_media":127705,"comment_status":"closed","ping_status":"open","sticky":false,"template":"","format":"standard","meta":{"footnotes":""},"categories":[21063],"tags":[13146,36128,34634],"class_list":["post-127704","post","type-post","status-publish","format-standard","has-post-thumbnail","hentry","category-utilidade-publica","tag-blog-edvaldo-magalhaes","tag-pernambuco-abre-selecao-para-contratacao-temporaria-de-831-profissionais-na-area-de-saude","tag-portal-edvaldo-magalhaes"],"_links":{"self":[{"href":"https:\/\/blogdoedvaldomagalhaes.com.br\/index.php\/wp-json\/wp\/v2\/posts\/127704","targetHints":{"allow":["GET"]}}],"collection":[{"href":"https:\/\/blogdoedvaldomagalhaes.com.br\/index.php\/wp-json\/wp\/v2\/posts"}],"about":[{"href":"https:\/\/blogdoedvaldomagalhaes.com.br\/index.php\/wp-json\/wp\/v2\/types\/post"}],"author":[{"embeddable":true,"href":"https:\/\/blogdoedvaldomagalhaes.com.br\/index.php\/wp-json\/wp\/v2\/users\/1"}],"replies":[{"embeddable":true,"href":"https:\/\/blogdoedvaldomagalhaes.com.br\/index.php\/wp-json\/wp\/v2\/comments?post=127704"}],"version-history":[{"count":1,"href":"https:\/\/blogdoedvaldomagalhaes.com.br\/index.php\/wp-json\/wp\/v2\/posts\/127704\/revisions"}],"predecessor-version":[{"id":127706,"href":"https:\/\/blogdoedvaldomagalhaes.com.br\/index.php\/wp-json\/wp\/v2\/posts\/127704\/revisions\/127706"}],"wp:featuredmedia":[{"embeddable":true,"href":"https:\/\/blogdoedvaldomagalhaes.com.br\/index.php\/wp-json\/wp\/v2\/media\/127705"}],"wp:attachment":[{"href":"https:\/\/blogdoedvaldomagalhaes.com.br\/index.php\/wp-json\/wp\/v2\/media?parent=127704"}],"wp:term":[{"taxonomy":"category","embeddable":true,"href":"https:\/\/blogdoedvaldomagalhaes.com.br\/index.php\/wp-json\/wp\/v2\/categories?post=127704"},{"taxonomy":"post_tag","embeddable":true,"href":"https:\/\/blogdoedvaldomagalhaes.com.br\/index.php\/wp-json\/wp\/v2\/tags?post=127704"}],"curies":[{"name":"wp","href":"https:\/\/api.w.org\/{rel}","templated":true}]}}