{"id":127701,"date":"2026-03-13T20:41:45","date_gmt":"2026-03-13T23:41:45","guid":{"rendered":"https:\/\/blogdoedvaldomagalhaes.com.br\/?p=127701"},"modified":"2026-03-13T20:41:45","modified_gmt":"2026-03-13T23:41:45","slug":"caminhao-carga-alta-atinge-posto-de-combustiveis-e-cobertura-desaba","status":"publish","type":"post","link":"https:\/\/blogdoedvaldomagalhaes.com.br\/index.php\/2026\/03\/13\/caminhao-carga-alta-atinge-posto-de-combustiveis-e-cobertura-desaba\/","title":{"rendered":"Caminh\u00e3o carga alta atinge posto de combust\u00edveis e cobertura desaba"},"content":{"rendered":"<p>A cobertura do Posto Petrovia, localizado \u00e0s margens da BR-423, no munic\u00edpio de Lajedo, no Agreste de Pernambuco, desabou nesta sexta-feira (13), ap\u00f3s ser atingida por um caminh\u00e3o carregado de baga\u00e7o.<br \/>\nO ve\u00edculo estava com a carga acima da altura e acabou colidindo com a estrutura da cobertura do estabelecimento. Com o impacto, as colunas de sustenta\u00e7\u00e3o cederam e toda a estrutura caiu. Ningu\u00e9m ficou ferido.<br \/>\nSiga o Instagram @portaledvaldomagalhaes<br \/>\nFoto: Reprodu\u00e7\u00e3o\/WhatsApp <\/p>\n","protected":false},"excerpt":{"rendered":"<p>A cobertura do Posto Petrovia, localizado \u00e0s margens da BR-423, no munic\u00edpio de Lajedo, no Agreste de Pernambuco, desabou nesta&hellip;<\/p>\n","protected":false},"author":1,"featured_media":127702,"comment_status":"closed","ping_status":"open","sticky":false,"template":"","format":"standard","meta":{"footnotes":""},"categories":[14120],"tags":[14276,13146,36127,34634],"class_list":["post-127701","post","type-post","status-publish","format-standard","has-post-thumbnail","hentry","category-noticias","tag-acidente","tag-blog-edvaldo-magalhaes","tag-caminhao-carga-alta-atinge-posto-de-combustiveis-e-cobertura-desaba","tag-portal-edvaldo-magalhaes"],"_links":{"self":[{"href":"https:\/\/blogdoedvaldomagalhaes.com.br\/index.php\/wp-json\/wp\/v2\/posts\/127701","targetHints":{"allow":["GET"]}}],"collection":[{"href":"https:\/\/blogdoedvaldomagalhaes.com.br\/index.php\/wp-json\/wp\/v2\/posts"}],"about":[{"href":"https:\/\/blogdoedvaldomagalhaes.com.br\/index.php\/wp-json\/wp\/v2\/types\/post"}],"author":[{"embeddable":true,"href":"https:\/\/blogdoedvaldomagalhaes.com.br\/index.php\/wp-json\/wp\/v2\/users\/1"}],"replies":[{"embeddable":true,"href":"https:\/\/blogdoedvaldomagalhaes.com.br\/index.php\/wp-json\/wp\/v2\/comments?post=127701"}],"version-history":[{"count":1,"href":"https:\/\/blogdoedvaldomagalhaes.com.br\/index.php\/wp-json\/wp\/v2\/posts\/127701\/revisions"}],"predecessor-version":[{"id":127703,"href":"https:\/\/blogdoedvaldomagalhaes.com.br\/index.php\/wp-json\/wp\/v2\/posts\/127701\/revisions\/127703"}],"wp:featuredmedia":[{"embeddable":true,"href":"https:\/\/blogdoedvaldomagalhaes.com.br\/index.php\/wp-json\/wp\/v2\/media\/127702"}],"wp:attachment":[{"href":"https:\/\/blogdoedvaldomagalhaes.com.br\/index.php\/wp-json\/wp\/v2\/media?parent=127701"}],"wp:term":[{"taxonomy":"category","embeddable":true,"href":"https:\/\/blogdoedvaldomagalhaes.com.br\/index.php\/wp-json\/wp\/v2\/categories?post=127701"},{"taxonomy":"post_tag","embeddable":true,"href":"https:\/\/blogdoedvaldomagalhaes.com.br\/index.php\/wp-json\/wp\/v2\/tags?post=127701"}],"curies":[{"name":"wp","href":"https:\/\/api.w.org\/{rel}","templated":true}]}}