{"id":1277,"date":"2018-09-18T23:00:00","date_gmt":"2018-09-19T02:00:00","guid":{"rendered":"http:\/\/blogdoedvaldomagalhaes.com.br\/index.php\/2018\/09\/18\/caminhoneiro-de-caruaru-morre-e\/"},"modified":"2019-02-09T02:31:25","modified_gmt":"2019-02-09T04:31:25","slug":"caminhoneiro-de-caruaru-morre-e","status":"publish","type":"post","link":"https:\/\/blogdoedvaldomagalhaes.com.br\/index.php\/2018\/09\/18\/caminhoneiro-de-caruaru-morre-e\/","title":{"rendered":"Caminhoneiro de Caruaru morre em acidente de tr\u00e2nsito no Maranh\u00e3o"},"content":{"rendered":"<div class=\"separator\" style=\"clear: both; text-align: center;\">\n<a href=\"https:\/\/2.bp.blogspot.com\/-OwflZQzESzA\/W6GCFUfgcZI\/AAAAAAAA6JQ\/PFA3z0VDNDEVztjOK8qU4SlaksCvI0WcQCLcBGAs\/s1600\/caminh%25C3%25A3io%2B1.jpg\" imageanchor=\"1\" style=\"margin-left: 1em; margin-right: 1em;\"><img loading=\"lazy\" decoding=\"async\" border=\"0\" data-original-height=\"540\" data-original-width=\"960\" height=\"360\" src=\"http:\/\/blogdoedvaldomagalhaes.com.br\/wp-content\/uploads\/2018\/09\/caminhC3A3io1.jpg\" width=\"640\" \/><\/a><\/div>\n<p><\/p>\n<div style=\"background-color: white; margin-bottom: 6px; margin-top: 6px; text-align: justify;\">\nLamentavelmente um caminhoneiro de Caruaru, morreu na madrugada desta ter\u00e7a-feira (18), em um acidente de tr\u00e2nsito, entre as cidades de Floriano e Bar\u00e3o, no estado do Maranh\u00e3o.<\/p>\n<\/div>\n<div style=\"background-color: white; display: inline; margin-top: 6px;\">\n<\/div>\n<div>\n<div class=\"separator\" style=\"clear: both; text-align: center;\">\n<a href=\"https:\/\/2.bp.blogspot.com\/-ZXK4aoqXta0\/W6GCJJ21VFI\/AAAAAAAA6JU\/OCHa0hoJzQ0gvHkTRZZD7nb_P-g5ZFvhQCLcBGAs\/s1600\/caminh%25C3%25A3o%2B2.jpg\" imageanchor=\"1\" style=\"margin-left: 1em; margin-right: 1em;\"><img loading=\"lazy\" decoding=\"async\" border=\"0\" data-original-height=\"540\" data-original-width=\"960\" height=\"360\" src=\"http:\/\/blogdoedvaldomagalhaes.com.br\/wp-content\/uploads\/2018\/09\/caminhC3A3o2.jpg\" width=\"640\" \/><\/a><\/div>\n<p><\/p>\n<div style=\"text-align: justify;\">\nO caminhoneiro Roberto Carlos Pereira, de 51 anos, conhecido por Beto era bastante conhecido em Caruaru, e residia na rua do Convento, no bairro Divin\u00f3polis. Ele deixou esposa dois filhos e netos. Segundo informa\u00e7\u00f5es de familiares, Beto dirigia um caminh\u00e3o carregado com bois, que tombou e tocou em fios de ilumina\u00e7\u00e3o p\u00fablica, recebendo descarga el\u00e9trica e falecendo.<\/div>\n<div style=\"-webkit-text-stroke-width: 0px; color: black; font-family: &quot;Times New Roman&quot;; font-size: medium; font-style: normal; font-variant-caps: normal; font-variant-ligatures: normal; font-weight: 400; letter-spacing: normal; margin: 0px; orphans: 2; text-align: start; text-decoration-color: initial; text-decoration-style: initial; text-indent: 0px; text-transform: none; white-space: normal; widows: 2; word-spacing: 0px;\">\n<\/div>\n<div class=\"separator\" style=\"clear: both; text-align: center;\">\n<a href=\"https:\/\/2.bp.blogspot.com\/-YqWYbg9IU7s\/W6GCKMwtg6I\/AAAAAAAA6JY\/jCBeIa_tYicMPOj2pnJZae8FY81libJBACLcBGAs\/s1600\/caminh%25C3%25A3o.jpg\" imageanchor=\"1\" style=\"margin-left: 1em; margin-right: 1em;\"><img loading=\"lazy\" decoding=\"async\" border=\"0\" data-original-height=\"720\" data-original-width=\"371\" height=\"640\" src=\"http:\/\/blogdoedvaldomagalhaes.com.br\/wp-content\/uploads\/2018\/09\/caminhC3A3o.jpg\" width=\"328\" \/><\/a><\/div>\n<div class=\"separator\" style=\"clear: both; text-align: center;\">\n<\/div>\n<div class=\"separator\" style=\"clear: both; text-align: justify;\">\nO vel\u00f3rio est\u00e1 ocorrendo no Cemiterio Parque dos Arcos, onde acontecer\u00e1 o sepultamento ap\u00f3s \u00e0s 14h desta quarta-feira (19).&nbsp;<\/div>\n<div class=\"separator\" style=\"clear: both; text-align: justify;\">\n<\/div>\n<div class=\"separator\" style=\"clear: both; text-align: justify;\">\nInforma\u00e7\u00f5es: Kalebe Pereira\/Caruaru 24 Horas.<\/div>\n<div style=\"text-align: justify;\">\n<\/div>\n<\/div>\n","protected":false},"excerpt":{"rendered":"<p>Lamentavelmente um caminhoneiro de Caruaru, morreu na madrugada desta ter\u00e7a-feira (18), em um acidente de tr\u00e2nsito, entre as cidades de&hellip;<\/p>\n","protected":false},"author":1,"featured_media":0,"comment_status":"open","ping_status":"open","sticky":false,"template":"","format":"standard","meta":{"footnotes":""},"categories":[1],"tags":[2,1237,6],"class_list":["post-1277","post","type-post","status-publish","format-standard","hentry","category-sem-categoria","tag-blog-do-edvaldo-magalhaes","tag-caminhoneiro-de-caruaru-morre-em-acidente-de-transito-no-maranhao","tag-noticias"],"_links":{"self":[{"href":"https:\/\/blogdoedvaldomagalhaes.com.br\/index.php\/wp-json\/wp\/v2\/posts\/1277","targetHints":{"allow":["GET"]}}],"collection":[{"href":"https:\/\/blogdoedvaldomagalhaes.com.br\/index.php\/wp-json\/wp\/v2\/posts"}],"about":[{"href":"https:\/\/blogdoedvaldomagalhaes.com.br\/index.php\/wp-json\/wp\/v2\/types\/post"}],"author":[{"embeddable":true,"href":"https:\/\/blogdoedvaldomagalhaes.com.br\/index.php\/wp-json\/wp\/v2\/users\/1"}],"replies":[{"embeddable":true,"href":"https:\/\/blogdoedvaldomagalhaes.com.br\/index.php\/wp-json\/wp\/v2\/comments?post=1277"}],"version-history":[{"count":1,"href":"https:\/\/blogdoedvaldomagalhaes.com.br\/index.php\/wp-json\/wp\/v2\/posts\/1277\/revisions"}],"predecessor-version":[{"id":34158,"href":"https:\/\/blogdoedvaldomagalhaes.com.br\/index.php\/wp-json\/wp\/v2\/posts\/1277\/revisions\/34158"}],"wp:attachment":[{"href":"https:\/\/blogdoedvaldomagalhaes.com.br\/index.php\/wp-json\/wp\/v2\/media?parent=1277"}],"wp:term":[{"taxonomy":"category","embeddable":true,"href":"https:\/\/blogdoedvaldomagalhaes.com.br\/index.php\/wp-json\/wp\/v2\/categories?post=1277"},{"taxonomy":"post_tag","embeddable":true,"href":"https:\/\/blogdoedvaldomagalhaes.com.br\/index.php\/wp-json\/wp\/v2\/tags?post=1277"}],"curies":[{"name":"wp","href":"https:\/\/api.w.org\/{rel}","templated":true}]}}