{"id":127698,"date":"2026-03-13T20:27:41","date_gmt":"2026-03-13T23:27:41","guid":{"rendered":"https:\/\/blogdoedvaldomagalhaes.com.br\/?p=127698"},"modified":"2026-03-13T20:27:41","modified_gmt":"2026-03-13T23:27:41","slug":"marco-tera-programacao-especial-da-agricultura-familiar-em-caruaru","status":"publish","type":"post","link":"https:\/\/blogdoedvaldomagalhaes.com.br\/index.php\/2026\/03\/13\/marco-tera-programacao-especial-da-agricultura-familiar-em-caruaru\/","title":{"rendered":"Mar\u00e7o ter\u00e1 programa\u00e7\u00e3o especial da Agricultura Familiar em Caruaru"},"content":{"rendered":"<p>No m\u00eas de mar\u00e7o, quando se comemora a Semana da Agricultura Familiar (13 \u00e0 19) em Caruaru, com uma programa\u00e7\u00e3o especial voltada ao fortalecimento da atividade na cidade. A iniciativa \u00e9 da Prefeitura, por meio da Secretaria de Desenvolvimento Rural (SDR), com a\u00e7\u00f5es que incentivam a produ\u00e7\u00e3o rural, ampliam espa\u00e7os de comercializa\u00e7\u00e3o e fortalecem o apoio aos agricultores e agricultoras familiares do munic\u00edpio.<\/p>\n<p>Entre os destaques est\u00e3o a amplia\u00e7\u00e3o das Feiras da Agricultura Familiar para novos pontos da cidade, com inaugura\u00e7\u00f5es previstas nos bairros Nova Caruaru (Ciretran) e Universit\u00e1rio (Alameda de acesso ao condom\u00ednio Quintas da Colina), ampliando as oportunidades de venda para os produtores locais.<\/p>\n<p>A programa\u00e7\u00e3o tamb\u00e9m inclui encontros do projeto \u201cProsa na Feira\u201d, com temas de Mulheres Rurais (alus\u00e3o ao Dia das Mulheres) e Assist\u00eancia T\u00e9cnica Rural e Extens\u00e3o Rural (ATER), mutir\u00e3o para o Cadastro da Agricultura Familiar (CAF) e a distribui\u00e7\u00e3o de sementes para agricultores e agricultoras familiares. Al\u00e9m disso, a agenda contar\u00e1 com a\u00e7\u00f5es sociais e educativas em comunidades rurais.<\/p>\n<p>Programa\u00e7\u00e3o<\/p>\n<p>&#8211; 13\/03 \u2013 Inaugura\u00e7\u00e3o da Feira da Agricultura Familiar \u2013 Ciretran (Nova Caruaru) \u2013 8h<br \/>\n&#8211; 16\/03 \u2013 A\u00e7\u00e3o na loja Direto da Ro\u00e7a &#8211; Collab (Shopping Difusora) \u2013 11h<br \/>\n&#8211; 17\/03 \u2013 Mutir\u00e3o de Cadastro da Agricultura Familiar (CAF)  Indica\u00e7\u00e3o de localidade  \u2013 8h<br \/>\n&#8211; 18\/03 \u2013 Distribui\u00e7\u00e3o de Sementes para agricultores e agricultoras familiares de Caruaru na Secretaria de Desenvolvimento Rural (SDR) \u2013 9h<br \/>\n&#8211; 19\/03 \u2013 Prosa na Feira \u2013 ATER \u2013 8h<br \/>\n&#8211; 20\/03 \u2013 Inaugura\u00e7\u00e3o da Feira da Agricultura Familiar \u2013 Bairro Universit\u00e1rio na Alameda de acesso aos condom\u00ednios Quintas da Colina e Terras Alpha  \u2013 8h<br \/>\n&#8211; 26\/03 \u2013 Anivers\u00e1rio da Feira da Agricultura Familiar (Via Parque &#8211; Centro) + a\u00e7\u00e3o em alus\u00e3o ao Dia Mundial da \u00c1gua \u2013 8h.<br \/>\nSiga o Instagram @portaledvaldomagalhaes<br \/>\nFoto: \u00c9lvis \u00c9dson <\/p>\n","protected":false},"excerpt":{"rendered":"<p>No m\u00eas de mar\u00e7o, quando se comemora a Semana da Agricultura Familiar (13 \u00e0 19) em Caruaru, com uma programa\u00e7\u00e3o&hellip;<\/p>\n","protected":false},"author":1,"featured_media":127699,"comment_status":"closed","ping_status":"open","sticky":false,"template":"","format":"standard","meta":{"footnotes":""},"categories":[14120],"tags":[13146,36126,34634],"class_list":["post-127698","post","type-post","status-publish","format-standard","has-post-thumbnail","hentry","category-noticias","tag-blog-edvaldo-magalhaes","tag-marco-tera-programacao-especial-da-agricultura-familiar-em-caruaru","tag-portal-edvaldo-magalhaes"],"_links":{"self":[{"href":"https:\/\/blogdoedvaldomagalhaes.com.br\/index.php\/wp-json\/wp\/v2\/posts\/127698","targetHints":{"allow":["GET"]}}],"collection":[{"href":"https:\/\/blogdoedvaldomagalhaes.com.br\/index.php\/wp-json\/wp\/v2\/posts"}],"about":[{"href":"https:\/\/blogdoedvaldomagalhaes.com.br\/index.php\/wp-json\/wp\/v2\/types\/post"}],"author":[{"embeddable":true,"href":"https:\/\/blogdoedvaldomagalhaes.com.br\/index.php\/wp-json\/wp\/v2\/users\/1"}],"replies":[{"embeddable":true,"href":"https:\/\/blogdoedvaldomagalhaes.com.br\/index.php\/wp-json\/wp\/v2\/comments?post=127698"}],"version-history":[{"count":1,"href":"https:\/\/blogdoedvaldomagalhaes.com.br\/index.php\/wp-json\/wp\/v2\/posts\/127698\/revisions"}],"predecessor-version":[{"id":127700,"href":"https:\/\/blogdoedvaldomagalhaes.com.br\/index.php\/wp-json\/wp\/v2\/posts\/127698\/revisions\/127700"}],"wp:featuredmedia":[{"embeddable":true,"href":"https:\/\/blogdoedvaldomagalhaes.com.br\/index.php\/wp-json\/wp\/v2\/media\/127699"}],"wp:attachment":[{"href":"https:\/\/blogdoedvaldomagalhaes.com.br\/index.php\/wp-json\/wp\/v2\/media?parent=127698"}],"wp:term":[{"taxonomy":"category","embeddable":true,"href":"https:\/\/blogdoedvaldomagalhaes.com.br\/index.php\/wp-json\/wp\/v2\/categories?post=127698"},{"taxonomy":"post_tag","embeddable":true,"href":"https:\/\/blogdoedvaldomagalhaes.com.br\/index.php\/wp-json\/wp\/v2\/tags?post=127698"}],"curies":[{"name":"wp","href":"https:\/\/api.w.org\/{rel}","templated":true}]}}