{"id":127695,"date":"2026-03-13T20:01:32","date_gmt":"2026-03-13T23:01:32","guid":{"rendered":"https:\/\/blogdoedvaldomagalhaes.com.br\/?p=127695"},"modified":"2026-03-13T20:01:32","modified_gmt":"2026-03-13T23:01:32","slug":"saude-nas-feiras-sera-retomado-neste-domingo-15-na-feira-do-salgado-e-levara-servicos-de-saude-para-comerciantes-e-compradores","status":"publish","type":"post","link":"https:\/\/blogdoedvaldomagalhaes.com.br\/index.php\/2026\/03\/13\/saude-nas-feiras-sera-retomado-neste-domingo-15-na-feira-do-salgado-e-levara-servicos-de-saude-para-comerciantes-e-compradores\/","title":{"rendered":"\u2018Sa\u00fade nas Feiras\u2019 ser\u00e1 retomado neste domingo (15), na Feira do Salgado, e levar\u00e1 servi\u00e7os de sa\u00fade para comerciantes e compradores"},"content":{"rendered":"<p>As feiras que s\u00e3o realizadas semanalmente, em Caruaru, voltar\u00e3o a contar com um importante projeto de promo\u00e7\u00e3o e cuidados com a sa\u00fade. Trata-se do Sa\u00fade nas Feiras, projeto que leva orienta\u00e7\u00f5es e servi\u00e7os b\u00e1sicos de sa\u00fade para comerciantes, clientes e, claro, visitantes que circulam pelos com\u00e9rcios populares da cidade. E a primeira edi\u00e7\u00e3o deste ano ocorrer\u00e1 no pr\u00f3ximo domingo (15), na tradicional Feira do Salgado. <\/p>\n<p>Os atendimentos acontecer\u00e3o no Mercado P\u00fablico do Salgado, das 8h \u00e0s 12h, por ordem de chegada. Ser\u00e3o oferecidos servi\u00e7os de aferi\u00e7\u00e3o de Press\u00e3o Arterial (PA) e Hemoglicoteste (HgT). O objetivo \u00e9 facilitar o acesso da popula\u00e7\u00e3o aos servi\u00e7os b\u00e1sicos de sa\u00fade, levando atendimento diretamente para o local onde muitas pessoas trabalham ou frequentam, promovendo preven\u00e7\u00e3o e cuidados b\u00e1sicos importantes.<\/p>\n<p>Na primeira edi\u00e7\u00e3o deste ano, o Sa\u00fade nas Feiras beneficiar\u00e1 quem trabalha semanalmente na Feira do Salgado. A exemplo da comerciante Glayciane Fernandes, de 42 anos, que h\u00e1 oito trabalha no local vendendo carnes e que destaca a import\u00e2ncia deste tipo de projeto. \u201cCom certeza \u00e9 uma iniciativa muito importante. N\u00f3s, feirantes, temos dias muito corridos e, muitas vezes, deixamos de cuidar da nossa sa\u00fade\u201d, observa.<\/p>\n<p>A a\u00e7\u00e3o \u00e9 uma parceria da Secretaria de Servi\u00e7os P\u00fablicos (Sesp) com a Secretaria de Sa\u00fade. Ainda em mar\u00e7o, o Sa\u00fade nas Feiras marcar\u00e1 presen\u00e7a na Feira do Residencial Luiz Bezerra Torres, no pr\u00f3ximo dia 29. A programa\u00e7\u00e3o ter\u00e1 sequ\u00eancia em abril. As feiras a serem beneficiadas ser\u00e3o divulgadas em breve, com anteced\u00eancia, para que os interessados possam se programar, prestigiar e garantir acesso aos servi\u00e7os oferecidos.<br \/>\nSiga o Instagram @portaledvaldomagalhaes<br \/>\nFoto: Rafael Moreira <\/p>\n","protected":false},"excerpt":{"rendered":"<p>As feiras que s\u00e3o realizadas semanalmente, em Caruaru, voltar\u00e3o a contar com um importante projeto de promo\u00e7\u00e3o e cuidados com&hellip;<\/p>\n","protected":false},"author":1,"featured_media":127696,"comment_status":"closed","ping_status":"open","sticky":false,"template":"","format":"standard","meta":{"footnotes":""},"categories":[14120],"tags":[36124,13146,36125,34634],"class_list":["post-127695","post","type-post","status-publish","format-standard","has-post-thumbnail","hentry","category-noticias","tag-saude-nas-feiras-sera-retomado-neste-domingo-15","tag-blog-edvaldo-magalhaes","tag-na-feira-do-salgado","tag-portal-edvaldo-magalhaes"],"_links":{"self":[{"href":"https:\/\/blogdoedvaldomagalhaes.com.br\/index.php\/wp-json\/wp\/v2\/posts\/127695","targetHints":{"allow":["GET"]}}],"collection":[{"href":"https:\/\/blogdoedvaldomagalhaes.com.br\/index.php\/wp-json\/wp\/v2\/posts"}],"about":[{"href":"https:\/\/blogdoedvaldomagalhaes.com.br\/index.php\/wp-json\/wp\/v2\/types\/post"}],"author":[{"embeddable":true,"href":"https:\/\/blogdoedvaldomagalhaes.com.br\/index.php\/wp-json\/wp\/v2\/users\/1"}],"replies":[{"embeddable":true,"href":"https:\/\/blogdoedvaldomagalhaes.com.br\/index.php\/wp-json\/wp\/v2\/comments?post=127695"}],"version-history":[{"count":1,"href":"https:\/\/blogdoedvaldomagalhaes.com.br\/index.php\/wp-json\/wp\/v2\/posts\/127695\/revisions"}],"predecessor-version":[{"id":127697,"href":"https:\/\/blogdoedvaldomagalhaes.com.br\/index.php\/wp-json\/wp\/v2\/posts\/127695\/revisions\/127697"}],"wp:featuredmedia":[{"embeddable":true,"href":"https:\/\/blogdoedvaldomagalhaes.com.br\/index.php\/wp-json\/wp\/v2\/media\/127696"}],"wp:attachment":[{"href":"https:\/\/blogdoedvaldomagalhaes.com.br\/index.php\/wp-json\/wp\/v2\/media?parent=127695"}],"wp:term":[{"taxonomy":"category","embeddable":true,"href":"https:\/\/blogdoedvaldomagalhaes.com.br\/index.php\/wp-json\/wp\/v2\/categories?post=127695"},{"taxonomy":"post_tag","embeddable":true,"href":"https:\/\/blogdoedvaldomagalhaes.com.br\/index.php\/wp-json\/wp\/v2\/tags?post=127695"}],"curies":[{"name":"wp","href":"https:\/\/api.w.org\/{rel}","templated":true}]}}