{"id":127688,"date":"2026-03-13T09:51:34","date_gmt":"2026-03-13T12:51:34","guid":{"rendered":"https:\/\/blogdoedvaldomagalhaes.com.br\/?p=127688"},"modified":"2026-03-13T10:40:57","modified_gmt":"2026-03-13T13:40:57","slug":"morre-medico-veterinario-e-gerente-regional-da-adagro-caruaru","status":"publish","type":"post","link":"https:\/\/blogdoedvaldomagalhaes.com.br\/index.php\/2026\/03\/13\/morre-medico-veterinario-e-gerente-regional-da-adagro-caruaru\/","title":{"rendered":"Morre M\u00e9dico Veterin\u00e1rio e Gerente Regional da ADAGRO Caruaru"},"content":{"rendered":"<p>Morreu por volta das 05h da manh\u00e3 desta sexta-feira (13.03), em sua resid\u00eancia em Brejo da Madre de Deus, o m\u00e9dico veterin\u00e1rio e atual gerente regional da Adagro Caruaru, Luiz Carlos de Ara\u00fajo, aos 66 anos de idade. <\/p>\n<p>O Portal Edvaldo Magalh\u00e3es recebeu a informa\u00e7\u00e3o que, Luiz Carlos havia amputado um dos dedos de um dos p\u00e9s, e na manh\u00e3 dessa quinta-feira (12.03), recebeu a informa\u00e7\u00e3o que teria que voltar ao internamento, aja vista que, n\u00e3o estava havendo vascuraliza\u00e7\u00e3o, ou seja, organiza\u00e7\u00e3o e distribui\u00e7\u00e3o de vasos sangu\u00edneos em tecidos ou \u00f3rg\u00e3os para olocal do corte da cirugia e n\u00e3o estava cicatrizando. Ainda n\u00e3o se sabe ao certo se ele infartou ou sofreu um embolia pulmonar. O vel\u00f3rio ser\u00e1 no Cemit\u00e9rio Parque dos Arcos, onde dever\u00e1 ocorrer o sepultamento. A fam\u00edlia est\u00e1 definindo o hor\u00e1rio.<br \/>\nNota<br \/>\n\u201cCom profundo pesar, prestamos nossa homenagem a Luis Carlos, cuja dedica\u00e7\u00e3o e compromisso marcaram a hist\u00f3ria da Adagro. Nossos sinceros sentimentos aos familiares e amigos.\u201d<br \/>\nRegional Caruaru \/ ADAGRO<br \/>\nFoto: Portal Edvaldo Magalh\u00e3es.<br \/>\nSiga o Instagram e comente<\/p>\n","protected":false},"excerpt":{"rendered":"<p>Morreu por volta das 05h da manh\u00e3 desta sexta-feira (13.03), em sua resid\u00eancia em Brejo da Madre de Deus, o&hellip;<\/p>\n","protected":false},"author":1,"featured_media":127689,"comment_status":"closed","ping_status":"open","sticky":false,"template":"","format":"standard","meta":{"footnotes":""},"categories":[14120],"tags":[13146,30780,36123,34634],"class_list":["post-127688","post","type-post","status-publish","format-standard","has-post-thumbnail","hentry","category-noticias","tag-blog-edvaldo-magalhaes","tag-luto","tag-morre-medico-veterinario-e-gerente-regional-da-adagro-caruaru","tag-portal-edvaldo-magalhaes"],"_links":{"self":[{"href":"https:\/\/blogdoedvaldomagalhaes.com.br\/index.php\/wp-json\/wp\/v2\/posts\/127688","targetHints":{"allow":["GET"]}}],"collection":[{"href":"https:\/\/blogdoedvaldomagalhaes.com.br\/index.php\/wp-json\/wp\/v2\/posts"}],"about":[{"href":"https:\/\/blogdoedvaldomagalhaes.com.br\/index.php\/wp-json\/wp\/v2\/types\/post"}],"author":[{"embeddable":true,"href":"https:\/\/blogdoedvaldomagalhaes.com.br\/index.php\/wp-json\/wp\/v2\/users\/1"}],"replies":[{"embeddable":true,"href":"https:\/\/blogdoedvaldomagalhaes.com.br\/index.php\/wp-json\/wp\/v2\/comments?post=127688"}],"version-history":[{"count":3,"href":"https:\/\/blogdoedvaldomagalhaes.com.br\/index.php\/wp-json\/wp\/v2\/posts\/127688\/revisions"}],"predecessor-version":[{"id":127694,"href":"https:\/\/blogdoedvaldomagalhaes.com.br\/index.php\/wp-json\/wp\/v2\/posts\/127688\/revisions\/127694"}],"wp:featuredmedia":[{"embeddable":true,"href":"https:\/\/blogdoedvaldomagalhaes.com.br\/index.php\/wp-json\/wp\/v2\/media\/127689"}],"wp:attachment":[{"href":"https:\/\/blogdoedvaldomagalhaes.com.br\/index.php\/wp-json\/wp\/v2\/media?parent=127688"}],"wp:term":[{"taxonomy":"category","embeddable":true,"href":"https:\/\/blogdoedvaldomagalhaes.com.br\/index.php\/wp-json\/wp\/v2\/categories?post=127688"},{"taxonomy":"post_tag","embeddable":true,"href":"https:\/\/blogdoedvaldomagalhaes.com.br\/index.php\/wp-json\/wp\/v2\/tags?post=127688"}],"curies":[{"name":"wp","href":"https:\/\/api.w.org\/{rel}","templated":true}]}}