{"id":127685,"date":"2026-03-13T09:33:00","date_gmt":"2026-03-13T12:33:00","guid":{"rendered":"https:\/\/blogdoedvaldomagalhaes.com.br\/?p=127685"},"modified":"2026-03-13T09:33:00","modified_gmt":"2026-03-13T12:33:00","slug":"homem-e-atropelado-por-retroescavadeira-e-resgatado-de-helicoptero","status":"publish","type":"post","link":"https:\/\/blogdoedvaldomagalhaes.com.br\/index.php\/2026\/03\/13\/homem-e-atropelado-por-retroescavadeira-e-resgatado-de-helicoptero\/","title":{"rendered":"Homem \u00e9 atropelado por retroescavadeira e resgatado de helic\u00f3ptero"},"content":{"rendered":"<p>Um homem que foi atropelado por uma m\u00e1quina retroescavadeira foi socorrido de helic\u00f3ptero, na quinta-feira (12.03), pela Pol\u00edcia Rodovi\u00e1ria Federal (PRF) e SAMU Metropolitano Recife. O atropelamento aconteceu na PE 27, na estrada de Aldeia, em Camaragibe, no Grande Recife. A v\u00edtima foi transportada para receber atendimento na capital.<\/p>\n<p>Por volta das 16h45, a central de regula\u00e7\u00e3o do SAMU acionou a equipe aerom\u00e9dica para fazer o transporte de um homem v\u00edtima de atropelamento. Ap\u00f3s pousar no Km 7 da rodovia estadual, os profissionais verificaram que o pedestre apresentava traumatismo no t\u00f3rax e no abd\u00f4men, al\u00e9m de ferimentos nas pernas.<\/p>\n<p>O homem foi estabilizado pela equipe m\u00e9dica e embarcado na aeronave,  que levou sete minutos para chegar ao campo do Derby. Em seguida, ele foi transportado na ambul\u00e2ncia do SAMU para receber atendimento no Hospital da Restaura\u00e7\u00e3o.<br \/>\nSiga o Instagram @portaledvaldomagalhaes<br \/>\nFoto: Divulga\u00e7\u00e3o\/PRF<\/p>\n","protected":false},"excerpt":{"rendered":"<p>Um homem que foi atropelado por uma m\u00e1quina retroescavadeira foi socorrido de helic\u00f3ptero, na quinta-feira (12.03), pela Pol\u00edcia Rodovi\u00e1ria Federal&hellip;<\/p>\n","protected":false},"author":1,"featured_media":127686,"comment_status":"closed","ping_status":"open","sticky":false,"template":"","format":"standard","meta":{"footnotes":""},"categories":[14120],"tags":[14276,13146,36122,34634],"class_list":["post-127685","post","type-post","status-publish","format-standard","has-post-thumbnail","hentry","category-noticias","tag-acidente","tag-blog-edvaldo-magalhaes","tag-homem-e-atropelado-por-retroescavadeira-e-resgatado-de-helicoptero","tag-portal-edvaldo-magalhaes"],"_links":{"self":[{"href":"https:\/\/blogdoedvaldomagalhaes.com.br\/index.php\/wp-json\/wp\/v2\/posts\/127685","targetHints":{"allow":["GET"]}}],"collection":[{"href":"https:\/\/blogdoedvaldomagalhaes.com.br\/index.php\/wp-json\/wp\/v2\/posts"}],"about":[{"href":"https:\/\/blogdoedvaldomagalhaes.com.br\/index.php\/wp-json\/wp\/v2\/types\/post"}],"author":[{"embeddable":true,"href":"https:\/\/blogdoedvaldomagalhaes.com.br\/index.php\/wp-json\/wp\/v2\/users\/1"}],"replies":[{"embeddable":true,"href":"https:\/\/blogdoedvaldomagalhaes.com.br\/index.php\/wp-json\/wp\/v2\/comments?post=127685"}],"version-history":[{"count":1,"href":"https:\/\/blogdoedvaldomagalhaes.com.br\/index.php\/wp-json\/wp\/v2\/posts\/127685\/revisions"}],"predecessor-version":[{"id":127687,"href":"https:\/\/blogdoedvaldomagalhaes.com.br\/index.php\/wp-json\/wp\/v2\/posts\/127685\/revisions\/127687"}],"wp:featuredmedia":[{"embeddable":true,"href":"https:\/\/blogdoedvaldomagalhaes.com.br\/index.php\/wp-json\/wp\/v2\/media\/127686"}],"wp:attachment":[{"href":"https:\/\/blogdoedvaldomagalhaes.com.br\/index.php\/wp-json\/wp\/v2\/media?parent=127685"}],"wp:term":[{"taxonomy":"category","embeddable":true,"href":"https:\/\/blogdoedvaldomagalhaes.com.br\/index.php\/wp-json\/wp\/v2\/categories?post=127685"},{"taxonomy":"post_tag","embeddable":true,"href":"https:\/\/blogdoedvaldomagalhaes.com.br\/index.php\/wp-json\/wp\/v2\/tags?post=127685"}],"curies":[{"name":"wp","href":"https:\/\/api.w.org\/{rel}","templated":true}]}}