{"id":127682,"date":"2026-03-13T09:27:21","date_gmt":"2026-03-13T12:27:21","guid":{"rendered":"https:\/\/blogdoedvaldomagalhaes.com.br\/?p=127682"},"modified":"2026-03-13T20:37:32","modified_gmt":"2026-03-13T23:37:32","slug":"neto-e-avo-morrem-atropelados","status":"publish","type":"post","link":"https:\/\/blogdoedvaldomagalhaes.com.br\/index.php\/2026\/03\/13\/neto-e-avo-morrem-atropelados\/","title":{"rendered":"Neto e av\u00f3 morrem atropelados"},"content":{"rendered":"<p>Por volta das 19h, dessa quinta-feira (12.03) a PRF foi acionada para atender um sinistro no Km 182,4 da BR 232 em Belo Jardim, no Agreste de Pernambuco.<\/p>\n<p>A suspeita \u00e9 de que um ciclomotor (cinquentinha) seguia apagado pela rodovia, quando foi atingido na parte de tr\u00e1s por uma caminhonete. Em seguida, os dois ocupantes da moto foram arremessados para o sentido contr\u00e1rio e foram atropelados por outra caminhonete.<\/p>\n<p>O condutor de 17 anos e a passageira de 87 anos faleceram no local (neto e av\u00f3).<\/p>\n<p>Os motoristas das caminhonetes n\u00e3o ficaram feridos. Eles realizaram o teste do baf\u00f4metro e o resultado foi normal.<\/p>\n<p>IC e IML tamb\u00e9m estiveram no local. A Pol\u00edcia Civil vai investigar o caso.<br \/>\nSiga o Instagram @portaledvaldomagalhaes<br \/>\nFoto: Divulga\u00e7\u00e3o\/PRF<\/p>\n","protected":false},"excerpt":{"rendered":"<p>Por volta das 19h, dessa quinta-feira (12.03) a PRF foi acionada para atender um sinistro no Km 182,4 da BR&hellip;<\/p>\n","protected":false},"author":1,"featured_media":127683,"comment_status":"closed","ping_status":"open","sticky":false,"template":"","format":"standard","meta":{"footnotes":""},"categories":[14121],"tags":[14276,13146,36121,34634],"class_list":["post-127682","post","type-post","status-publish","format-standard","has-post-thumbnail","hentry","category-policial","tag-acidente","tag-blog-edvaldo-magalhaes","tag-neto-e-avo-morrem-atropelados","tag-portal-edvaldo-magalhaes"],"_links":{"self":[{"href":"https:\/\/blogdoedvaldomagalhaes.com.br\/index.php\/wp-json\/wp\/v2\/posts\/127682","targetHints":{"allow":["GET"]}}],"collection":[{"href":"https:\/\/blogdoedvaldomagalhaes.com.br\/index.php\/wp-json\/wp\/v2\/posts"}],"about":[{"href":"https:\/\/blogdoedvaldomagalhaes.com.br\/index.php\/wp-json\/wp\/v2\/types\/post"}],"author":[{"embeddable":true,"href":"https:\/\/blogdoedvaldomagalhaes.com.br\/index.php\/wp-json\/wp\/v2\/users\/1"}],"replies":[{"embeddable":true,"href":"https:\/\/blogdoedvaldomagalhaes.com.br\/index.php\/wp-json\/wp\/v2\/comments?post=127682"}],"version-history":[{"count":1,"href":"https:\/\/blogdoedvaldomagalhaes.com.br\/index.php\/wp-json\/wp\/v2\/posts\/127682\/revisions"}],"predecessor-version":[{"id":127684,"href":"https:\/\/blogdoedvaldomagalhaes.com.br\/index.php\/wp-json\/wp\/v2\/posts\/127682\/revisions\/127684"}],"wp:featuredmedia":[{"embeddable":true,"href":"https:\/\/blogdoedvaldomagalhaes.com.br\/index.php\/wp-json\/wp\/v2\/media\/127683"}],"wp:attachment":[{"href":"https:\/\/blogdoedvaldomagalhaes.com.br\/index.php\/wp-json\/wp\/v2\/media?parent=127682"}],"wp:term":[{"taxonomy":"category","embeddable":true,"href":"https:\/\/blogdoedvaldomagalhaes.com.br\/index.php\/wp-json\/wp\/v2\/categories?post=127682"},{"taxonomy":"post_tag","embeddable":true,"href":"https:\/\/blogdoedvaldomagalhaes.com.br\/index.php\/wp-json\/wp\/v2\/tags?post=127682"}],"curies":[{"name":"wp","href":"https:\/\/api.w.org\/{rel}","templated":true}]}}