{"id":127676,"date":"2026-03-13T09:06:42","date_gmt":"2026-03-13T12:06:42","guid":{"rendered":"https:\/\/blogdoedvaldomagalhaes.com.br\/?p=127676"},"modified":"2026-03-13T09:12:32","modified_gmt":"2026-03-13T12:12:32","slug":"delegado-lessa-cobra-retomada-das-obras-da-creche-de-cachoeira-seca","status":"publish","type":"post","link":"https:\/\/blogdoedvaldomagalhaes.com.br\/index.php\/2026\/03\/13\/delegado-lessa-cobra-retomada-das-obras-da-creche-de-cachoeira-seca\/","title":{"rendered":"Delegado Lessa cobra retomada das obras da Creche de Cachoeira Seca"},"content":{"rendered":"<p>O vereador e delegado Erick Lessa voltou a cobrar a retomada das obras da creche no distrito de Cachoeira Seca, em Caruaru. A constru\u00e7\u00e3o do equipamento p\u00fablico est\u00e1 paralisada e, at\u00e9 o momento, n\u00e3o h\u00e1 previs\u00e3o para a continuidade dos trabalhos.<br \/>\nA aus\u00eancia da creche tem causado dificuldades para muitas fam\u00edlias da localidade, principalmente para pais e m\u00e3es que precisam trabalhar e n\u00e3o t\u00eam onde deixar seus filhos durante o dia.<br \/>\nDelegado Lessa destacou que a comunidade n\u00e3o pode continuar sendo prejudicada. \u201cA creche \u00e9 uma necessidade urgente para as fam\u00edlias de Cachoeira Seca. Seguiremos cobrando provid\u00eancias para que as obras sejam retomadas e conclu\u00eddas\u201d, afirmou.<br \/>\nO parlamentar refor\u00e7ou que continuar\u00e1 acompanhando a situa\u00e7\u00e3o e cobrando solu\u00e7\u00f5es para que o equipamento seja entregue \u00e0 popula\u00e7\u00e3o. Foto: Divulga\u00e7\u00e3o.<br \/>\nSiga o Instagram @portaledvaldomagalhaes<\/p>\n","protected":false},"excerpt":{"rendered":"<p>O vereador e delegado Erick Lessa voltou a cobrar a retomada das obras da creche no distrito de Cachoeira Seca,&hellip;<\/p>\n","protected":false},"author":1,"featured_media":127681,"comment_status":"closed","ping_status":"open","sticky":false,"template":"","format":"standard","meta":{"footnotes":""},"categories":[14122],"tags":[13146,20,34634],"class_list":["post-127676","post","type-post","status-publish","format-standard","has-post-thumbnail","hentry","category-politica","tag-blog-edvaldo-magalhaes","tag-politica","tag-portal-edvaldo-magalhaes"],"_links":{"self":[{"href":"https:\/\/blogdoedvaldomagalhaes.com.br\/index.php\/wp-json\/wp\/v2\/posts\/127676","targetHints":{"allow":["GET"]}}],"collection":[{"href":"https:\/\/blogdoedvaldomagalhaes.com.br\/index.php\/wp-json\/wp\/v2\/posts"}],"about":[{"href":"https:\/\/blogdoedvaldomagalhaes.com.br\/index.php\/wp-json\/wp\/v2\/types\/post"}],"author":[{"embeddable":true,"href":"https:\/\/blogdoedvaldomagalhaes.com.br\/index.php\/wp-json\/wp\/v2\/users\/1"}],"replies":[{"embeddable":true,"href":"https:\/\/blogdoedvaldomagalhaes.com.br\/index.php\/wp-json\/wp\/v2\/comments?post=127676"}],"version-history":[{"count":2,"href":"https:\/\/blogdoedvaldomagalhaes.com.br\/index.php\/wp-json\/wp\/v2\/posts\/127676\/revisions"}],"predecessor-version":[{"id":127680,"href":"https:\/\/blogdoedvaldomagalhaes.com.br\/index.php\/wp-json\/wp\/v2\/posts\/127676\/revisions\/127680"}],"wp:featuredmedia":[{"embeddable":true,"href":"https:\/\/blogdoedvaldomagalhaes.com.br\/index.php\/wp-json\/wp\/v2\/media\/127681"}],"wp:attachment":[{"href":"https:\/\/blogdoedvaldomagalhaes.com.br\/index.php\/wp-json\/wp\/v2\/media?parent=127676"}],"wp:term":[{"taxonomy":"category","embeddable":true,"href":"https:\/\/blogdoedvaldomagalhaes.com.br\/index.php\/wp-json\/wp\/v2\/categories?post=127676"},{"taxonomy":"post_tag","embeddable":true,"href":"https:\/\/blogdoedvaldomagalhaes.com.br\/index.php\/wp-json\/wp\/v2\/tags?post=127676"}],"curies":[{"name":"wp","href":"https:\/\/api.w.org\/{rel}","templated":true}]}}