{"id":127670,"date":"2026-03-12T20:37:58","date_gmt":"2026-03-12T23:37:58","guid":{"rendered":"https:\/\/blogdoedvaldomagalhaes.com.br\/?p=127670"},"modified":"2026-03-12T20:37:58","modified_gmt":"2026-03-12T23:37:58","slug":"vereador-cabo-cardoso-pede-ao-governo-pe-um-caminhao-autoescada-para-os-bombeiros-de-caruaru-devido-a-frequencia-de-incendios","status":"publish","type":"post","link":"https:\/\/blogdoedvaldomagalhaes.com.br\/index.php\/2026\/03\/12\/vereador-cabo-cardoso-pede-ao-governo-pe-um-caminhao-autoescada-para-os-bombeiros-de-caruaru-devido-a-frequencia-de-incendios\/","title":{"rendered":"Vereador Cabo Cardoso pede ao Governo-PE um caminh\u00e3o autoescada, para os Bombeiros de Caruaru, devido a frequ\u00eancia de inc\u00eandios"},"content":{"rendered":"<p>O vereador Cabo Cardoso, pediu ao governo do estado um caminh\u00e3o com autoescada, para o grupamento de bombeiros de Caruaru, devido a incid\u00eancia de inc\u00eandios em Caruaru, principalmente a relev\u00e2ncia do crescimento vertical da cidade, onde v\u00e1rios pr\u00e9dios foram constru\u00eddos e j\u00e1 aconteceram inc\u00eandios em pr\u00e9dios, com esse equipamento vidas poder\u00e3o ser salvas. Foto: Vladimir Barreto.<br \/>\nSiga o Instagram @portaledvaldomagalhaes<\/p>\n","protected":false},"excerpt":{"rendered":"<p>O vereador Cabo Cardoso, pediu ao governo do estado um caminh\u00e3o com autoescada, para o grupamento de bombeiros de Caruaru,&hellip;<\/p>\n","protected":false},"author":1,"featured_media":127671,"comment_status":"closed","ping_status":"open","sticky":false,"template":"","format":"standard","meta":{"footnotes":""},"categories":[14122],"tags":[13146,20,34634],"class_list":["post-127670","post","type-post","status-publish","format-standard","has-post-thumbnail","hentry","category-politica","tag-blog-edvaldo-magalhaes","tag-politica","tag-portal-edvaldo-magalhaes"],"_links":{"self":[{"href":"https:\/\/blogdoedvaldomagalhaes.com.br\/index.php\/wp-json\/wp\/v2\/posts\/127670","targetHints":{"allow":["GET"]}}],"collection":[{"href":"https:\/\/blogdoedvaldomagalhaes.com.br\/index.php\/wp-json\/wp\/v2\/posts"}],"about":[{"href":"https:\/\/blogdoedvaldomagalhaes.com.br\/index.php\/wp-json\/wp\/v2\/types\/post"}],"author":[{"embeddable":true,"href":"https:\/\/blogdoedvaldomagalhaes.com.br\/index.php\/wp-json\/wp\/v2\/users\/1"}],"replies":[{"embeddable":true,"href":"https:\/\/blogdoedvaldomagalhaes.com.br\/index.php\/wp-json\/wp\/v2\/comments?post=127670"}],"version-history":[{"count":1,"href":"https:\/\/blogdoedvaldomagalhaes.com.br\/index.php\/wp-json\/wp\/v2\/posts\/127670\/revisions"}],"predecessor-version":[{"id":127672,"href":"https:\/\/blogdoedvaldomagalhaes.com.br\/index.php\/wp-json\/wp\/v2\/posts\/127670\/revisions\/127672"}],"wp:featuredmedia":[{"embeddable":true,"href":"https:\/\/blogdoedvaldomagalhaes.com.br\/index.php\/wp-json\/wp\/v2\/media\/127671"}],"wp:attachment":[{"href":"https:\/\/blogdoedvaldomagalhaes.com.br\/index.php\/wp-json\/wp\/v2\/media?parent=127670"}],"wp:term":[{"taxonomy":"category","embeddable":true,"href":"https:\/\/blogdoedvaldomagalhaes.com.br\/index.php\/wp-json\/wp\/v2\/categories?post=127670"},{"taxonomy":"post_tag","embeddable":true,"href":"https:\/\/blogdoedvaldomagalhaes.com.br\/index.php\/wp-json\/wp\/v2\/tags?post=127670"}],"curies":[{"name":"wp","href":"https:\/\/api.w.org\/{rel}","templated":true}]}}