{"id":127668,"date":"2026-03-12T20:33:42","date_gmt":"2026-03-12T23:33:42","guid":{"rendered":"https:\/\/blogdoedvaldomagalhaes.com.br\/?p=127668"},"modified":"2026-03-12T20:48:11","modified_gmt":"2026-03-12T23:48:11","slug":"secretario-renato-lyra-atua-em-ocorrencia-de-incendio-e-reforca-compromisso-com-o-bem-estar-animal-em-caruaru","status":"publish","type":"post","link":"https:\/\/blogdoedvaldomagalhaes.com.br\/index.php\/2026\/03\/12\/secretario-renato-lyra-atua-em-ocorrencia-de-incendio-e-reforca-compromisso-com-o-bem-estar-animal-em-caruaru\/","title":{"rendered":"Secret\u00e1rio Renato Lyra atua em ocorr\u00eancia de inc\u00eandio e refor\u00e7a compromisso com o bem-estar animal em Caruaru"},"content":{"rendered":"<p>O secret\u00e1rio de Sustentabilidade e Bem-Estar Animal de Caruaru e vereador licenciado, Renato Lyra, demonstrou mais uma vez atua\u00e7\u00e3o r\u00e1pida diante de situa\u00e7\u00f5es emergenciais no munic\u00edpio. Na ocorr\u00eancia registrada nesta quinta-feira, quando galp\u00f5es foram atingidos por um forte inc\u00eandio \u2014 inicialmente tratado como de poss\u00edvel origem acidental \u2014 o secret\u00e1rio mobilizou imediatamente a equipe da AME Animal para atuar nas proximidades da \u00e1rea afetada.<\/p>\n<p>A a\u00e7\u00e3o teve como objetivo principal monitorar a presen\u00e7a de animais de rua no entorno do foco do inc\u00eandio, garantindo que n\u00e3o fossem atingidos pelas chamas, pela fuma\u00e7a ou por poss\u00edveis desdobramentos da ocorr\u00eancia. A equipe realizou rondas preventivas e acompanhou a movimenta\u00e7\u00e3o na regi\u00e3o, refor\u00e7ando o cuidado com a integridade f\u00edsica dos animais que circulam pela \u00e1rea.<\/p>\n<p>A atua\u00e7\u00e3o refor\u00e7a o compromisso do secret\u00e1rio Renato Lyra com pol\u00edticas p\u00fablicas voltadas ao bem-estar animal, demonstrando que a pauta tamb\u00e9m precisa estar presente em momentos de crise e situa\u00e7\u00f5es de risco. A iniciativa integra o trabalho desenvolvido pela gest\u00e3o municipal, que tem buscado ampliar a prote\u00e7\u00e3o animal e fortalecer a\u00e7\u00f5es preventivas em todo o munic\u00edpio.<\/p>\n<p>Com presen\u00e7a ativa nas demandas da cidade, Renato Lyra vem consolidando a credibilidade da Secretaria de Sustentabilidade e Bem-Estar Animal, recebendo reconhecimento da popula\u00e7\u00e3o pelo trabalho desenvolvido. A resposta r\u00e1pida em situa\u00e7\u00f5es emergenciais evidencia o compromisso da pasta em garantir cuidado, responsabilidade e prote\u00e7\u00e3o tanto para os animais quanto para a comunidade caruaruense.<br \/>\nSiga o Instagram @portaledvaldomagalhaes<br \/>\nFoto: Divulga\u00e7\u00e3o <\/p>\n","protected":false},"excerpt":{"rendered":"<p>O secret\u00e1rio de Sustentabilidade e Bem-Estar Animal de Caruaru e vereador licenciado, Renato Lyra, demonstrou mais uma vez atua\u00e7\u00e3o r\u00e1pida&hellip;<\/p>\n","protected":false},"author":1,"featured_media":127674,"comment_status":"closed","ping_status":"open","sticky":false,"template":"","format":"standard","meta":{"footnotes":""},"categories":[14122],"tags":[13146,20,34634,36120],"class_list":["post-127668","post","type-post","status-publish","format-standard","has-post-thumbnail","hentry","category-politica","tag-blog-edvaldo-magalhaes","tag-politica","tag-portal-edvaldo-magalhaes","tag-secretario-renato-lyra-atua-em-ocorrencia-de-incendio-e-reforca-compromisso-com-o-bem-estar-animal-em-caruaru"],"_links":{"self":[{"href":"https:\/\/blogdoedvaldomagalhaes.com.br\/index.php\/wp-json\/wp\/v2\/posts\/127668","targetHints":{"allow":["GET"]}}],"collection":[{"href":"https:\/\/blogdoedvaldomagalhaes.com.br\/index.php\/wp-json\/wp\/v2\/posts"}],"about":[{"href":"https:\/\/blogdoedvaldomagalhaes.com.br\/index.php\/wp-json\/wp\/v2\/types\/post"}],"author":[{"embeddable":true,"href":"https:\/\/blogdoedvaldomagalhaes.com.br\/index.php\/wp-json\/wp\/v2\/users\/1"}],"replies":[{"embeddable":true,"href":"https:\/\/blogdoedvaldomagalhaes.com.br\/index.php\/wp-json\/wp\/v2\/comments?post=127668"}],"version-history":[{"count":3,"href":"https:\/\/blogdoedvaldomagalhaes.com.br\/index.php\/wp-json\/wp\/v2\/posts\/127668\/revisions"}],"predecessor-version":[{"id":127675,"href":"https:\/\/blogdoedvaldomagalhaes.com.br\/index.php\/wp-json\/wp\/v2\/posts\/127668\/revisions\/127675"}],"wp:featuredmedia":[{"embeddable":true,"href":"https:\/\/blogdoedvaldomagalhaes.com.br\/index.php\/wp-json\/wp\/v2\/media\/127674"}],"wp:attachment":[{"href":"https:\/\/blogdoedvaldomagalhaes.com.br\/index.php\/wp-json\/wp\/v2\/media?parent=127668"}],"wp:term":[{"taxonomy":"category","embeddable":true,"href":"https:\/\/blogdoedvaldomagalhaes.com.br\/index.php\/wp-json\/wp\/v2\/categories?post=127668"},{"taxonomy":"post_tag","embeddable":true,"href":"https:\/\/blogdoedvaldomagalhaes.com.br\/index.php\/wp-json\/wp\/v2\/tags?post=127668"}],"curies":[{"name":"wp","href":"https:\/\/api.w.org\/{rel}","templated":true}]}}