{"id":127663,"date":"2026-03-12T20:17:26","date_gmt":"2026-03-12T23:17:26","guid":{"rendered":"https:\/\/blogdoedvaldomagalhaes.com.br\/?p=127663"},"modified":"2026-03-12T20:21:44","modified_gmt":"2026-03-12T23:21:44","slug":"no-sertao-do-araripe-governadora-raquel-lyra-entrega-pe-540-autoriza-construcao-de-creche-e-inaugura-segunda-cozinha-comunitaria-em-moreilandia","status":"publish","type":"post","link":"https:\/\/blogdoedvaldomagalhaes.com.br\/index.php\/2026\/03\/12\/no-sertao-do-araripe-governadora-raquel-lyra-entrega-pe-540-autoriza-construcao-de-creche-e-inaugura-segunda-cozinha-comunitaria-em-moreilandia\/","title":{"rendered":"No Sert\u00e3o do Araripe, governadora Raquel Lyra entrega PE-540, autoriza constru\u00e7\u00e3o de creche e inaugura segunda cozinha comunit\u00e1ria em Moreil\u00e2ndia"},"content":{"rendered":"Iniciando uma intensa agenda no Sert\u00e3o pernambucano, a governadora Raquel Lyra entregou, nesta quinta-feira (12), a requalifica\u00e7\u00e3o da PE-540, no munic\u00edpio de Moreil\u00e2ndia, no Sert\u00e3o do Araripe. O trecho, com 12,44 quil\u00f4metros de extens\u00e3o, liga a cidade ao distrito de Caririmirim e recebeu investimentos de R$ 21,6 milh\u00f5es por meio do programa PE na Estrada. Na ocasi\u00e3o, a gestora tamb\u00e9m autorizou o in\u00edcio da constru\u00e7\u00e3o e equipagem de uma creche no munic\u00edpio e inaugurou a segunda Cozinha Comunit\u00e1ria da cidade.<\/span><\/p>\n<p>\u201cHoje \u00e9 um dia muito importante para Moreil\u00e2ndia e para todo o Sert\u00e3o do Araripe. Estamos entregando a PE-540, uma estrada sonhada h\u00e1 d\u00e9cadas pela popula\u00e7\u00e3o, que melhora a mobilidade, reduz o tempo de deslocamento e garante mais seguran\u00e7a para quem precisa trafegar pela regi\u00e3o. Al\u00e9m disso, autorizamos a constru\u00e7\u00e3o da primeira creche do munic\u00edpio, que vai ampliar o acesso das nossas crian\u00e7as \u00e0 educa\u00e7\u00e3o, e inauguramos mais uma Cozinha Comunit\u00e1ria, garantindo comida de qualidade para quem mais precisa\u201d, ressaltou a governadora Raquel Lyra.<\/p>\n<p>Sonhada h\u00e1 cinco d\u00e9cadas pela popula\u00e7\u00e3o do Araripe, a entrega da PE-540 fortalece a mobilidade regional, melhora o acesso ao distrito de Caririmirim e impulsiona o desenvolvimento econ\u00f4mico da regi\u00e3o. De acordo com o secret\u00e1rio de Mobilidade e Infraestrutura, Andr\u00e9 Teixeira Filho, somente na atual gest\u00e3o j\u00e1 foram entregues 57 estradas em Pernambuco.<\/p>\n<p>\u201cS\u00e3o mais de R$ 80 milh\u00f5es investidos no Sert\u00e3o do Araripe apenas em estradas pernambucanas. \u00c9 uma regi\u00e3o com grande potencial, que teve a malha vi\u00e1ria recuperada a partir desses investimentos. O Sert\u00e3o segue sendo uma das regi\u00f5es priorit\u00e1rias do Governo de Pernambuco\u201d, afirmou o titular da pasta.<\/p>\n<p>Na \u00e1rea da educa\u00e7\u00e3o, a chefe do Executivo estadual autorizou o in\u00edcio da constru\u00e7\u00e3o e equipagem de uma nova creche. Com investimentos de R$ 7 milh\u00f5es, a unidade ser\u00e1 constru\u00edda no distrito de Caririmirim. Durante a agenda, tamb\u00e9m foram entregues dois \u00f4nibus escolares por meio do programa Juntos pela Educa\u00e7\u00e3o. Com a nova remessa, o munic\u00edpio passa a contar com oito ve\u00edculos destinados ao transporte de estudantes.<\/p>\n<p>Para o prefeito de Moreil\u00e2ndia, Teto Teixeira, as entregas entram para a hist\u00f3ria da cidade. \u201cA PE-540 \u00e9 uma obra sonhada h\u00e1 mais de 50 anos pela popula\u00e7\u00e3o. Antes lev\u00e1vamos cerca de uma hora e meia para fazer o deslocamento; agora, em apenas sete minutos, conseguimos realizar a travessia. Al\u00e9m disso, nossa cidade recebeu novos \u00f4nibus escolares, a segunda Cozinha Comunit\u00e1ria e a ordem de servi\u00e7o da primeira creche. Estamos muito felizes\u201d, afirmou o gestor municipal.<\/p>\n<p>Presente na agenda, o deputado federal Fernando Monteiro ressaltou a import\u00e2ncia das entregas da gest\u00e3o estadual no munic\u00edpio. \u201cAqui a gente consegue pegar os sonhos das pessoas e transform\u00e1-los em realidade, e esse \u00e9 o objetivo do Governo de Pernambuco. Tudo isso \u00e9 fruto de muito trabalho e de uma gest\u00e3o comprometida com as pessoas\u201d, afirmou.<\/p>\n<p>Tamb\u00e9m acompanhando a governadora, a deputada estadual e l\u00edder do governo na Assembleia Legislativa de Pernambuco, Socorro Pimentel destacou o trabalho realizado pela gest\u00e3o estadual. \u201cEssas entregas representam conquistas do povo pernambucano. Hoje, Pernambuco e o Araripe t\u00eam governadora\u201d, afirmou. J\u00e1 a deputada estadual Roberta Arraes ressaltou que as a\u00e7\u00f5es representam esperan\u00e7a para a popula\u00e7\u00e3o. \u201cQuando a pol\u00edtica \u00e9 feita com miss\u00e3o, \u00e9 diferente. E \u00e9 dessa forma que o Governo de Pernambuco atua em todo o Estado\u201d, comentou a parlamentar.<\/p>\n<p>Morador do munic\u00edpio, Erivan Anacleto, transita pela rodovia todos os dias e agradeceu o investimento feito. \u201cA palavra de hoje \u00e9 gratid\u00e3o. A obra da PE-540 facilita o transporte de pessoas, inclusive em situa\u00e7\u00f5es de emerg\u00eancia m\u00e9dica. Os agricultores agradecem por essa entrega t\u00e3o importante para a popula\u00e7\u00e3o de Moreil\u00e2ndia\u201d, celebrou.<\/p>\n<p>*COZINHA COMUNIT\u00c1RIA* \u2014 Ainda em Moreil\u00e2ndia, a governadora Raquel Lyra inaugurou a segunda Cozinha Comunit\u00e1ria do munic\u00edpio e a de n\u00famero 268 em funcionamento em Pernambuco, por meio da Secretaria de Assist\u00eancia Social, Combate \u00e0 Fome e Pol\u00edticas sobre Drogas (SAS). Para a implanta\u00e7\u00e3o, o repasse estadual foi de R$ 50 mil. Ap\u00f3s a inaugura\u00e7\u00e3o, o munic\u00edpio passa a receber R$ 20 mil mensais do Governo de Pernambuco para a manuten\u00e7\u00e3o do servi\u00e7o.<\/p>\n<p>\u201cS\u00e3o mais de 55 mil pessoas recebendo alimenta\u00e7\u00e3o diariamente. Isso representa mais de 1 milh\u00e3o de pratos de comida por m\u00eas. S\u00f3 hoje, o Governo do Estado inaugura cozinhas em Moreil\u00e2ndia, Jupi e Sert\u00e2nia. \u00c9 um programa muito forte e robusto, com investimento de R$ 70 milh\u00f5es, que tem tirado muita gente da fome e da mis\u00e9ria\u201d, destacou o secret\u00e1rio da pasta, Carlos Braga.<\/p>\n<p>A nova unidade homenageia a cozinheira Francisca Oliveira de Morais. O equipamento funcionar\u00e1 das 8h \u00e0s 14h, oferecendo 200 refei\u00e7\u00f5es di\u00e1rias \u00e0 popula\u00e7\u00e3o em situa\u00e7\u00e3o de vulnerabilidade social.<\/p>\n<p>Acompanharam a agenda o secret\u00e1rio da Casa Civil, T\u00falio Vila\u00e7a; o diretor-presidente do Departamento de Estradas de Rodagem de Pernambuco (DER-PE), Andr\u00e9 Fonseca; os prefeitos Gildevan (Santa Filomena), Xic\u00e3o Tavares (Verdejante), Riva Bezerra (Cedro), Dinha Moror\u00f3 (Terra Nova), Elizinho (Carnaubeira da Penha), George de Sidney (Granito), M\u00facio Angelim (Parnamirim) e Victor Coelho (Ouricuri); al\u00e9m de vereadores e lideran\u00e7as locais. \u00a0 <br \/><span style=\"font-size: revert;\">Siga o Instagram @portaledvaldomagalhaes<br \/>Fotos: Miva Filho\/Secom<\/span><\/p>\n\n\n<p><\/p>\n","protected":false},"excerpt":{"rendered":"<p>Iniciando uma intensa agenda no Sert\u00e3o pernambucano, a governadora Raquel Lyra entregou, nesta quinta-feira (12), a requalifica\u00e7\u00e3o da PE-540, no&hellip;<\/p>\n","protected":false},"author":1,"featured_media":127666,"comment_status":"closed","ping_status":"open","sticky":false,"template":"","format":"standard","meta":{"footnotes":""},"categories":[14122],"tags":[13146,36118,30549,20,34634],"class_list":["post-127663","post","type-post","status-publish","format-standard","has-post-thumbnail","hentry","category-politica","tag-blog-edvaldo-magalhaes","tag-governadora-raquel-lyra-entrega-pe-540","tag-no-sertao-do-araripe","tag-politica","tag-portal-edvaldo-magalhaes"],"_links":{"self":[{"href":"https:\/\/blogdoedvaldomagalhaes.com.br\/index.php\/wp-json\/wp\/v2\/posts\/127663","targetHints":{"allow":["GET"]}}],"collection":[{"href":"https:\/\/blogdoedvaldomagalhaes.com.br\/index.php\/wp-json\/wp\/v2\/posts"}],"about":[{"href":"https:\/\/blogdoedvaldomagalhaes.com.br\/index.php\/wp-json\/wp\/v2\/types\/post"}],"author":[{"embeddable":true,"href":"https:\/\/blogdoedvaldomagalhaes.com.br\/index.php\/wp-json\/wp\/v2\/users\/1"}],"replies":[{"embeddable":true,"href":"https:\/\/blogdoedvaldomagalhaes.com.br\/index.php\/wp-json\/wp\/v2\/comments?post=127663"}],"version-history":[{"count":2,"href":"https:\/\/blogdoedvaldomagalhaes.com.br\/index.php\/wp-json\/wp\/v2\/posts\/127663\/revisions"}],"predecessor-version":[{"id":127667,"href":"https:\/\/blogdoedvaldomagalhaes.com.br\/index.php\/wp-json\/wp\/v2\/posts\/127663\/revisions\/127667"}],"wp:featuredmedia":[{"embeddable":true,"href":"https:\/\/blogdoedvaldomagalhaes.com.br\/index.php\/wp-json\/wp\/v2\/media\/127666"}],"wp:attachment":[{"href":"https:\/\/blogdoedvaldomagalhaes.com.br\/index.php\/wp-json\/wp\/v2\/media?parent=127663"}],"wp:term":[{"taxonomy":"category","embeddable":true,"href":"https:\/\/blogdoedvaldomagalhaes.com.br\/index.php\/wp-json\/wp\/v2\/categories?post=127663"},{"taxonomy":"post_tag","embeddable":true,"href":"https:\/\/blogdoedvaldomagalhaes.com.br\/index.php\/wp-json\/wp\/v2\/tags?post=127663"}],"curies":[{"name":"wp","href":"https:\/\/api.w.org\/{rel}","templated":true}]}}