{"id":127660,"date":"2026-03-12T20:06:32","date_gmt":"2026-03-12T23:06:32","guid":{"rendered":"https:\/\/blogdoedvaldomagalhaes.com.br\/?p=127660"},"modified":"2026-03-12T20:06:32","modified_gmt":"2026-03-12T23:06:32","slug":"ame-animal-passa-a-funcionar-nos-fins-de-semana-e-feriados-em-caruaru-a-partir-de-abril","status":"publish","type":"post","link":"https:\/\/blogdoedvaldomagalhaes.com.br\/index.php\/2026\/03\/12\/ame-animal-passa-a-funcionar-nos-fins-de-semana-e-feriados-em-caruaru-a-partir-de-abril\/","title":{"rendered":"AME Animal passa a funcionar nos fins de semana e feriados, em Caruaru, a partir de abril"},"content":{"rendered":"<p>A Prefeitura de Caruaru, por meio da Secretaria de Sustentabilidade e Bem-Estar Animal, anuncia a amplia\u00e7\u00e3o do funcionamento do AME Animal, que, a partir do m\u00eas de abril, passar\u00e1 a oferecer atendimentos tamb\u00e9m aos fins de semana e feriados. A iniciativa amplia o acesso da popula\u00e7\u00e3o aos servi\u00e7os veterin\u00e1rios e fortalece as pol\u00edticas p\u00fablicas voltadas \u00e0 causa animal no munic\u00edpio.<\/p>\n<p>Com a mudan\u00e7a, em abril, os atendimentos nos fins de semana e feriados acontecer\u00e3o hor\u00e1rio regular da unidade, que \u00e9 das 08h \u00e0s 16h. <\/p>\n<p>A medida representa um avan\u00e7o hist\u00f3rico para Caruaru. Pela primeira vez, um equipamento p\u00fablico voltado \u00e0 sa\u00fade e prote\u00e7\u00e3o animal contar\u00e1 com funcionamento ampliado, garantindo assist\u00eancia tamb\u00e9m em per\u00edodos em que tradicionalmente n\u00e3o havia atendimento.<\/p>\n<p>A amplia\u00e7\u00e3o do servi\u00e7o integra o conjunto de a\u00e7\u00f5es desenvolvidas pela gest\u00e3o municipal para fortalecer o cuidado com os animais e promover pol\u00edticas p\u00fablicas permanentes de prote\u00e7\u00e3o e bem-estar animal. A iniciativa tamb\u00e9m busca oferecer mais suporte a tutores e protetores independentes que atuam diariamente na defesa da causa animal. Foto: \u00c9lvis \u00c9dson<br \/>\nSiga o Instagram @portaledvaldomagalhaes<\/p>\n","protected":false},"excerpt":{"rendered":"<p>A Prefeitura de Caruaru, por meio da Secretaria de Sustentabilidade e Bem-Estar Animal, anuncia a amplia\u00e7\u00e3o do funcionamento do AME&hellip;<\/p>\n","protected":false},"author":1,"featured_media":127661,"comment_status":"closed","ping_status":"open","sticky":false,"template":"","format":"standard","meta":{"footnotes":""},"categories":[14120],"tags":[36117,13146,370,34634],"class_list":["post-127660","post","type-post","status-publish","format-standard","has-post-thumbnail","hentry","category-noticias","tag-ame-animal-passa-a-funcionar-nos-fins-de-semana-e-feriados","tag-blog-edvaldo-magalhaes","tag-em-caruaru","tag-portal-edvaldo-magalhaes"],"_links":{"self":[{"href":"https:\/\/blogdoedvaldomagalhaes.com.br\/index.php\/wp-json\/wp\/v2\/posts\/127660","targetHints":{"allow":["GET"]}}],"collection":[{"href":"https:\/\/blogdoedvaldomagalhaes.com.br\/index.php\/wp-json\/wp\/v2\/posts"}],"about":[{"href":"https:\/\/blogdoedvaldomagalhaes.com.br\/index.php\/wp-json\/wp\/v2\/types\/post"}],"author":[{"embeddable":true,"href":"https:\/\/blogdoedvaldomagalhaes.com.br\/index.php\/wp-json\/wp\/v2\/users\/1"}],"replies":[{"embeddable":true,"href":"https:\/\/blogdoedvaldomagalhaes.com.br\/index.php\/wp-json\/wp\/v2\/comments?post=127660"}],"version-history":[{"count":1,"href":"https:\/\/blogdoedvaldomagalhaes.com.br\/index.php\/wp-json\/wp\/v2\/posts\/127660\/revisions"}],"predecessor-version":[{"id":127662,"href":"https:\/\/blogdoedvaldomagalhaes.com.br\/index.php\/wp-json\/wp\/v2\/posts\/127660\/revisions\/127662"}],"wp:featuredmedia":[{"embeddable":true,"href":"https:\/\/blogdoedvaldomagalhaes.com.br\/index.php\/wp-json\/wp\/v2\/media\/127661"}],"wp:attachment":[{"href":"https:\/\/blogdoedvaldomagalhaes.com.br\/index.php\/wp-json\/wp\/v2\/media?parent=127660"}],"wp:term":[{"taxonomy":"category","embeddable":true,"href":"https:\/\/blogdoedvaldomagalhaes.com.br\/index.php\/wp-json\/wp\/v2\/categories?post=127660"},{"taxonomy":"post_tag","embeddable":true,"href":"https:\/\/blogdoedvaldomagalhaes.com.br\/index.php\/wp-json\/wp\/v2\/tags?post=127660"}],"curies":[{"name":"wp","href":"https:\/\/api.w.org\/{rel}","templated":true}]}}