{"id":127656,"date":"2026-03-12T19:51:21","date_gmt":"2026-03-12T22:51:21","guid":{"rendered":"https:\/\/blogdoedvaldomagalhaes.com.br\/?p=127656"},"modified":"2026-03-12T19:55:25","modified_gmt":"2026-03-12T22:55:25","slug":"procon-pe-segue-fiscalizando-postos-e-distribuidoras-apos-alta-no-preco-da-gasolina","status":"publish","type":"post","link":"https:\/\/blogdoedvaldomagalhaes.com.br\/index.php\/2026\/03\/12\/procon-pe-segue-fiscalizando-postos-e-distribuidoras-apos-alta-no-preco-da-gasolina\/","title":{"rendered":"Procon-PE segue fiscalizando postos e distribuidoras ap\u00f3s alta no pre\u00e7o da gasolina"},"content":{"rendered":"<p>O Procon Pernambuco segue intensificando as fiscaliza\u00e7\u00f5es no mercado de combust\u00edveis ap\u00f3s a recente alta no pre\u00e7o da gasolina registrada nos \u00faltimos dias. As a\u00e7\u00f5es come\u00e7aram na quarta-feira (11), quando equipes do \u00f3rg\u00e3o estiveram em campo fiscalizando postos na Regi\u00e3o Metropolitana do Recife, e continuaram nesta quinta-feira (12), com novas dilig\u00eancias que tamb\u00e9m alcan\u00e7aram distribuidoras localizadas no Porto de Suape.<\/p>\n<p>Ao todo, durante os dois dias de opera\u00e7\u00e3o, foram realizadas fiscaliza\u00e7\u00f5es na Regi\u00e3o Metropolitana do Recife e em Suape, resultando na expedi\u00e7\u00e3o de cerca de quase 40 notifica\u00e7\u00f5es a estabelecimentos, entre postos de combust\u00edveis e distribuidoras. Os estabelecimentos notificados ter\u00e3o prazo para apresentar ao \u00f3rg\u00e3o as notas fiscais de compra dos combust\u00edveis referentes aos \u00faltimos 15 dias, a fim de comprovar se os reajustes aplicados possuem justificativa.<\/p>\n<p>A a\u00e7\u00e3o foi motivada por den\u00fancias de consumidores sobre aumentos expressivos no valor da gasolina. Em alguns estabelecimentos, o litro do combust\u00edvel passou a ser comercializado entre R$ 7,45 e R$ 7,49, ap\u00f3s ter m\u00e9dia de cerca de R$ 6,66 na semana anterior, segundo levantamentos de mercado.<\/p>\n<p>O objetivo da fiscaliza\u00e7\u00e3o \u00e9 identificar poss\u00edveis pr\u00e1ticas abusivas, como o repasse imediato de aumento ao consumidor mesmo quando o estabelecimento ainda possui combust\u00edvel adquirido por valores anteriores, o que pode configurar infra\u00e7\u00e3o ao C\u00f3digo de Defesa do Consumidor ou at\u00e9 crime contra a ordem econ\u00f4mica.<\/p>\n<p>A secret\u00e1ria de Justi\u00e7a, Direitos Humanos e Preven\u00e7\u00e3o \u00e0 Viol\u00eancia, Joanna Figueir\u00eado, destacou a import\u00e2ncia da atua\u00e7\u00e3o do \u00f3rg\u00e3o na prote\u00e7\u00e3o dos consumidores.<\/p>\n<p>\u201cEstamos atentos \u00e0s den\u00fancias da popula\u00e7\u00e3o e seguimos nas ruas fiscalizando para garantir que n\u00e3o haja aumento indevido nos pre\u00e7os dos combust\u00edveis. A defesa do consumidor \u00e9 uma prioridade e essa atua\u00e7\u00e3o firme do Procon \u00e9 tamb\u00e9m um compromisso da governadora Raquel Lyra, que tem determinado aten\u00e7\u00e3o total \u00e0 prote\u00e7\u00e3o dos pernambucanos\u201d, afirmou.<\/p>\n<p>O secret\u00e1rio executivo de Justi\u00e7a e Promo\u00e7\u00e3o dos Direitos do Consumidor, Anselmo Ara\u00fajo, refor\u00e7ou que a atua\u00e7\u00e3o do Procon busca garantir transpar\u00eancia no mercado e impedir pr\u00e1ticas abusivas.<\/p>\n<p>\u201cEstamos ampliando as fiscaliza\u00e7\u00f5es n\u00e3o apenas nos postos, mas tamb\u00e9m nas distribuidoras, para acompanhar toda a cadeia de comercializa\u00e7\u00e3o dos combust\u00edveis. O objetivo \u00e9 verificar se os reajustes est\u00e3o sendo aplicados de forma correta e assegurar que o consumidor pernambucano n\u00e3o seja prejudicado por aumentos indevidos\u201d, destacou.<\/p>\n<p>O Procon-PE seguir\u00e1 monitorando o mercado de combust\u00edveis nos pr\u00f3ximos dias para garantir transpar\u00eancia nos pre\u00e7os e proteger os consumidores pernambucanos.<\/p>\n<p>Se voc\u00ea se sentir lesado, denuncie ao Procon-PE: denuncia@procon.pe.gov.br ou ligue 0800 282 1512.<br \/>\nSiga o Instagram @portaledvaldomagalhaes<br \/>\nFoto: Dalila Barreto<\/p>\n","protected":false},"excerpt":{"rendered":"<p>O Procon Pernambuco segue intensificando as fiscaliza\u00e7\u00f5es no mercado de combust\u00edveis ap\u00f3s a recente alta no pre\u00e7o da gasolina registrada&hellip;<\/p>\n","protected":false},"author":1,"featured_media":127657,"comment_status":"closed","ping_status":"open","sticky":false,"template":"","format":"standard","meta":{"footnotes":""},"categories":[14120],"tags":[13146,34634,36116],"class_list":["post-127656","post","type-post","status-publish","format-standard","has-post-thumbnail","hentry","category-noticias","tag-blog-edvaldo-magalhaes","tag-portal-edvaldo-magalhaes","tag-procon-pe-segue-fiscalizando-postos-e-distribuidoras-apos-alta-no-preco-da-gasolina"],"_links":{"self":[{"href":"https:\/\/blogdoedvaldomagalhaes.com.br\/index.php\/wp-json\/wp\/v2\/posts\/127656","targetHints":{"allow":["GET"]}}],"collection":[{"href":"https:\/\/blogdoedvaldomagalhaes.com.br\/index.php\/wp-json\/wp\/v2\/posts"}],"about":[{"href":"https:\/\/blogdoedvaldomagalhaes.com.br\/index.php\/wp-json\/wp\/v2\/types\/post"}],"author":[{"embeddable":true,"href":"https:\/\/blogdoedvaldomagalhaes.com.br\/index.php\/wp-json\/wp\/v2\/users\/1"}],"replies":[{"embeddable":true,"href":"https:\/\/blogdoedvaldomagalhaes.com.br\/index.php\/wp-json\/wp\/v2\/comments?post=127656"}],"version-history":[{"count":2,"href":"https:\/\/blogdoedvaldomagalhaes.com.br\/index.php\/wp-json\/wp\/v2\/posts\/127656\/revisions"}],"predecessor-version":[{"id":127659,"href":"https:\/\/blogdoedvaldomagalhaes.com.br\/index.php\/wp-json\/wp\/v2\/posts\/127656\/revisions\/127659"}],"wp:featuredmedia":[{"embeddable":true,"href":"https:\/\/blogdoedvaldomagalhaes.com.br\/index.php\/wp-json\/wp\/v2\/media\/127657"}],"wp:attachment":[{"href":"https:\/\/blogdoedvaldomagalhaes.com.br\/index.php\/wp-json\/wp\/v2\/media?parent=127656"}],"wp:term":[{"taxonomy":"category","embeddable":true,"href":"https:\/\/blogdoedvaldomagalhaes.com.br\/index.php\/wp-json\/wp\/v2\/categories?post=127656"},{"taxonomy":"post_tag","embeddable":true,"href":"https:\/\/blogdoedvaldomagalhaes.com.br\/index.php\/wp-json\/wp\/v2\/tags?post=127656"}],"curies":[{"name":"wp","href":"https:\/\/api.w.org\/{rel}","templated":true}]}}